{"id":8442,"date":"2023-04-06T21:41:19","date_gmt":"2023-04-06T19:41:19","guid":{"rendered":"https:\/\/sites.ac-corse.fr\/arts\/?p=8442"},"modified":"2024-03-17T17:54:20","modified_gmt":"2024-03-17T16:54:20","slug":"specialite-histoire-des-arts-niveau-premiere-projet-collectif","status":"publish","type":"post","link":"https:\/\/sites.ac-corse.fr\/arts\/2023\/04\/06\/specialite-histoire-des-arts-niveau-premiere-projet-collectif\/","title":{"rendered":"Sp\u00e9cialit\u00e9 Histoire des arts, niveau premi\u00e8re : Projet collectif"},"content":{"rendered":"\n<p>Les \u00e9l\u00e8ves de premi\u00e8re de l&rsquo;enseignement de sp\u00e9cialit\u00e9 d&rsquo;histoire des arts ont effectu\u00e9 leur projet collectif autour du travail d&rsquo;une artiste plasticienne : Alice Louradour.<\/p>\n\n\n\n<p>L&rsquo;exposition s&rsquo;intitule <em>M\u00eame les m\u00e9duses dansent la nuit.<\/em><\/p>\n\n\n\n<p>Vous pourrez prendre connaissance des r\u00e9flexions et du travail des \u00e9l\u00e8ves en suivant ce lien : <a rel=\"noreferrer noopener\" href=\"https:\/\/view.genial.ly\/639c37f880e434001857d23f\/presentation-projet-collectif-202223\" target=\"_blank\">https:\/\/view.genial.ly639c37f880e434001857d23f\/presentation-projet-collectif-202223<\/a><\/p>\n\n\n\n<p><\/p>\n\n\n\n<p>Sinon, rendez-vous au vernissage mardi 11 avril 18h30, \u00e0 la Citadelle \u00e0 Ajaccio, au sein de la Poudri\u00e8re.<\/p>\n\n\n\n<p>Exposition du 12 au 28 avril 2023.<\/p>\n\n\n\n<p><\/p>\n\n\n\n<p><\/p>\n\n\n\n<p><\/p>\n\n\n\n<figure class=\"wp-block-image size-full is-resized\"><img loading=\"lazy\" decoding=\"async\" src=\"https:\/\/sites.ac-corse.fr\/arts\/wp-content\/uploads\/sites\/3\/2023\/04\/Affiche-Louradour.jpg\" alt=\"\" class=\"wp-image-8445\" width=\"356\" height=\"502\" srcset=\"https:\/\/sites.ac-corse.fr\/arts\/wp-content\/uploads\/sites\/3\/2023\/04\/Affiche-Louradour.jpg 443w, https:\/\/sites.ac-corse.fr\/arts\/wp-content\/uploads\/sites\/3\/2023\/04\/Affiche-Louradour-213x300.jpg 213w\" sizes=\"auto, (max-width: 356px) 100vw, 356px\" \/><\/figure>\n","protected":false},"excerpt":{"rendered":"<p>Les \u00e9l\u00e8ves de premi\u00e8re de l&rsquo;enseignement de sp\u00e9cialit\u00e9 d&rsquo;histoire des arts ont effectu\u00e9 leur projet collectif autour du travail d&rsquo;une artiste plasticienne : Alice Louradour. L&rsquo;exposition s&rsquo;intitule M\u00eame les m\u00e9duses dansent la nuit. Vous pourrez prendre connaissance des r\u00e9flexions et du travail des \u00e9l\u00e8ves en suivant ce lien : https:\/\/view.genial.ly639c37f880e434001857d23f\/presentation-projet-collectif-202223 Sinon, rendez-vous au vernissage mardi [&hellip;]<\/p>\n","protected":false},"author":76,"featured_media":8450,"comment_status":"closed","ping_status":"closed","sticky":false,"template":"","format":"standard","meta":{"footnotes":""},"categories":[194,4,939,933],"tags":[],"class_list":["post-8442","post","type-post","status-publish","format-standard","has-post-thumbnail","hentry","category-exposer-loeuvre-la-demarche-la-pratique-expositions","category-expositions","category-histoire-des-arts","category-lycee"],"_links":{"self":[{"href":"https:\/\/sites.ac-corse.fr\/arts\/wp-json\/wp\/v2\/posts\/8442","targetHints":{"allow":["GET"]}}],"collection":[{"href":"https:\/\/sites.ac-corse.fr\/arts\/wp-json\/wp\/v2\/posts"}],"about":[{"href":"https:\/\/sites.ac-corse.fr\/arts\/wp-json\/wp\/v2\/types\/post"}],"author":[{"embeddable":true,"href":"https:\/\/sites.ac-corse.fr\/arts\/wp-json\/wp\/v2\/users\/76"}],"replies":[{"embeddable":true,"href":"https:\/\/sites.ac-corse.fr\/arts\/wp-json\/wp\/v2\/comments?post=8442"}],"version-history":[{"count":3,"href":"https:\/\/sites.ac-corse.fr\/arts\/wp-json\/wp\/v2\/posts\/8442\/revisions"}],"predecessor-version":[{"id":8451,"href":"https:\/\/sites.ac-corse.fr\/arts\/wp-json\/wp\/v2\/posts\/8442\/revisions\/8451"}],"wp:featuredmedia":[{"embeddable":true,"href":"https:\/\/sites.ac-corse.fr\/arts\/wp-json\/wp\/v2\/media\/8450"}],"wp:attachment":[{"href":"https:\/\/sites.ac-corse.fr\/arts\/wp-json\/wp\/v2\/media?parent=8442"}],"wp:term":[{"taxonomy":"category","embeddable":true,"href":"https:\/\/sites.ac-corse.fr\/arts\/wp-json\/wp\/v2\/categories?post=8442"},{"taxonomy":"post_tag","embeddable":true,"href":"https:\/\/sites.ac-corse.fr\/arts\/wp-json\/wp\/v2\/tags?post=8442"}],"curies":[{"name":"wp","href":"https:\/\/api.w.org\/{rel}","templated":true}]}}