{"id":8487,"date":"2023-11-21T21:54:43","date_gmt":"2023-11-21T20:54:43","guid":{"rendered":"https:\/\/sites.ac-corse.fr\/arts\/?p=8487"},"modified":"2023-11-21T21:54:43","modified_gmt":"2023-11-21T20:54:43","slug":"la-question-de-la-problematisation-a-visee-didactique-dans-la-sequence-darts-plastiques-principalement-en-college","status":"publish","type":"post","link":"https:\/\/sites.ac-corse.fr\/arts\/2023\/11\/21\/la-question-de-la-problematisation-a-visee-didactique-dans-la-sequence-darts-plastiques-principalement-en-college\/","title":{"rendered":"La question de la probl\u00e9matisation \u00e0 vis\u00e9e didactique dans la s\u00e9quence d&rsquo;arts plastiques (principalement en coll\u00e8ge)"},"content":{"rendered":"\n<p>15 mars 2023, Centre Pompidou-Metz, intervention dans le cadre d&rsquo;un s\u00e9minaire des professeurs d&rsquo;arts plastiques, d\u00e9di\u00e9 \u00e0 la probl\u00e9matisation.<\/p>\n\n\n\n<div data-wp-interactive=\"core\/file\" class=\"wp-block-file\"><object data-wp-bind--hidden=\"!state.hasPdfPreview\" hidden class=\"wp-block-file__embed\" data=\"https:\/\/sites.ac-corse.fr\/arts\/wp-content\/uploads\/sites\/3\/2023\/11\/2023-15-03_Intervention-seminaire-problematisation_Ac-NANCY-METZ_CVieaux_Public.pdf\" type=\"application\/pdf\" style=\"width:100%;height:600px\" aria-label=\"Contenu embarqu\u00e9 2023-15-03_Intervention-seminaire-problematisation_Ac-NANCY-METZ_CVieaux_Public.\"><\/object><a id=\"wp-block-file--media-79508f96-0837-4f15-aa0e-d47f44986fea\" href=\"https:\/\/sites.ac-corse.fr\/arts\/wp-content\/uploads\/sites\/3\/2023\/11\/2023-15-03_Intervention-seminaire-problematisation_Ac-NANCY-METZ_CVieaux_Public.pdf\">2023-15-03_Intervention-seminaire-problematisation_Ac-NANCY-METZ_CVieaux_Public<\/a><a href=\"https:\/\/sites.ac-corse.fr\/arts\/wp-content\/uploads\/sites\/3\/2023\/11\/2023-15-03_Intervention-seminaire-problematisation_Ac-NANCY-METZ_CVieaux_Public.pdf\" class=\"wp-block-file__button wp-element-button\" download aria-describedby=\"wp-block-file--media-79508f96-0837-4f15-aa0e-d47f44986fea\">T\u00e9l\u00e9charger<\/a><\/div>\n","protected":false},"excerpt":{"rendered":"<p>15 mars 2023, Centre Pompidou-Metz, intervention dans le cadre d&rsquo;un s\u00e9minaire des professeurs d&rsquo;arts plastiques, d\u00e9di\u00e9 \u00e0 la probl\u00e9matisation.<\/p>\n","protected":false},"author":76,"featured_media":8532,"comment_status":"closed","ping_status":"closed","sticky":false,"template":"","format":"standard","meta":{"footnotes":""},"categories":[935,932,933,930],"tags":[],"class_list":["post-8487","post","type-post","status-publish","format-standard","has-post-thumbnail","hentry","category-actualites","category-college","category-lycee","category-programmes"],"_links":{"self":[{"href":"https:\/\/sites.ac-corse.fr\/arts\/wp-json\/wp\/v2\/posts\/8487","targetHints":{"allow":["GET"]}}],"collection":[{"href":"https:\/\/sites.ac-corse.fr\/arts\/wp-json\/wp\/v2\/posts"}],"about":[{"href":"https:\/\/sites.ac-corse.fr\/arts\/wp-json\/wp\/v2\/types\/post"}],"author":[{"embeddable":true,"href":"https:\/\/sites.ac-corse.fr\/arts\/wp-json\/wp\/v2\/users\/76"}],"replies":[{"embeddable":true,"href":"https:\/\/sites.ac-corse.fr\/arts\/wp-json\/wp\/v2\/comments?post=8487"}],"version-history":[{"count":3,"href":"https:\/\/sites.ac-corse.fr\/arts\/wp-json\/wp\/v2\/posts\/8487\/revisions"}],"predecessor-version":[{"id":8538,"href":"https:\/\/sites.ac-corse.fr\/arts\/wp-json\/wp\/v2\/posts\/8487\/revisions\/8538"}],"wp:featuredmedia":[{"embeddable":true,"href":"https:\/\/sites.ac-corse.fr\/arts\/wp-json\/wp\/v2\/media\/8532"}],"wp:attachment":[{"href":"https:\/\/sites.ac-corse.fr\/arts\/wp-json\/wp\/v2\/media?parent=8487"}],"wp:term":[{"taxonomy":"category","embeddable":true,"href":"https:\/\/sites.ac-corse.fr\/arts\/wp-json\/wp\/v2\/categories?post=8487"},{"taxonomy":"post_tag","embeddable":true,"href":"https:\/\/sites.ac-corse.fr\/arts\/wp-json\/wp\/v2\/tags?post=8487"}],"curies":[{"name":"wp","href":"https:\/\/api.w.org\/{rel}","templated":true}]}}