{"id":8991,"date":"2026-09-02T08:24:13","date_gmt":"2026-09-02T06:24:13","guid":{"rendered":"https:\/\/sites.ac-corse.fr\/arts\/?p=8991"},"modified":"2026-09-02T08:24:13","modified_gmt":"2026-09-02T06:24:13","slug":"traam-hda-le-langage-au-service-de-lautonomie-de-limage","status":"publish","type":"post","link":"https:\/\/sites.ac-corse.fr\/arts\/2026\/09\/02\/traam-hda-le-langage-au-service-de-lautonomie-de-limage\/","title":{"rendered":"TraAm HDA &#8211; : \u00ab Le langage au service de l\u2019autonomie de l\u2019image ? \u00bb"},"content":{"rendered":"\n<p class=\"wp-block-paragraph\">Le langage au service de l\u2019autonomie de l\u2019image ? <\/p>\n\n\n\n<figure class=\"wp-block-gallery has-nested-images columns-default is-cropped wp-block-gallery-1 is-layout-flex wp-block-gallery-is-layout-flex\">\n<figure class=\"wp-block-image size-large\"><img loading=\"lazy\" decoding=\"async\" width=\"358\" height=\"341\" data-id=\"8994\" src=\"https:\/\/sites.ac-corse.fr\/arts\/wp-content\/uploads\/sites\/3\/2026\/09\/Capture-decran-2026-09-02-082105.png\" alt=\"\" class=\"wp-image-8994\" srcset=\"https:\/\/sites.ac-corse.fr\/arts\/wp-content\/uploads\/sites\/3\/2026\/09\/Capture-decran-2026-09-02-082105.png 358w, https:\/\/sites.ac-corse.fr\/arts\/wp-content\/uploads\/sites\/3\/2026\/09\/Capture-decran-2026-09-02-082105-300x286.png 300w\" sizes=\"auto, (max-width: 358px) 100vw, 358px\" \/><\/figure>\n<\/figure>\n\n\n\n<p class=\"wp-block-paragraph\">Dans le cadre des TraAM en Histoire des Arts durant l&rsquo;ann\u00e9e 2025- 2026, cette exp\u00e9rimentation men\u00e9e en classe de troisi\u00e8me propose d\u2019interroger la place du langage et de l\u2019intelligence artificielle g\u00e9n\u00e9rative dans le processus de cr\u00e9ation. Elle s\u2019articule autour de la probl\u00e9matique : \u00ab De quelle mani\u00e8re le langage num\u00e9rique participe-t-il \u00e0 l\u2019autonomie de l\u2019\u0153uvre ? \u00bb<\/p>\n\n\n\n<p class=\"wp-block-paragraph\">\u00c0 partir de reproductions d\u2019\u0153uvres, les \u00e9l\u00e8ves exp\u00e9rimentent une succession de traductions : de l\u2019image vers le texte, du texte vers une production graphique, puis du langage vers une image g\u00e9n\u00e9r\u00e9e par intelligence artificielle. La confrontation de ces diff\u00e9rentes productions permet d\u2019observer les ressemblances, les \u00e9carts et les transformations qui apparaissent au fil du processus.<\/p>\n\n\n\n<p class=\"wp-block-paragraph\">L\u2019exp\u00e9rimentation invite ainsi les \u00e9l\u00e8ves \u00e0 questionner la place de leur intention, l\u2019interpr\u00e9tation, le r\u00f4le du protocole et la part d\u2019autonomie laiss\u00e9e \u00e0 l\u2019outil num\u00e9rique, tout en d\u00e9veloppant un regard critique sur l\u2019usage de l\u2019intelligence artificielle en arts plastiques.<\/p>\n\n\n\n<p class=\"wp-block-paragraph\">Retrouvez ci-dessous la pr\u00e9sentation d\u00e9taill\u00e9e de la s\u00e9quence ainsi que les productions r\u00e9alis\u00e9es par les \u00e9l\u00e8ves. <\/p>\n\n\n\n<div data-wp-interactive=\"core\/file\" class=\"wp-block-file\"><object data-wp-bind--hidden=\"!state.hasPdfPreview\" hidden class=\"wp-block-file__embed\" data=\"https:\/\/sites.ac-corse.fr\/arts\/wp-content\/uploads\/sites\/3\/2026\/09\/Traam2026.pdf\" type=\"application\/pdf\" style=\"width:100%;height:600px\" aria-label=\"Contenu embarqu\u00e9 Traam2026 Mme Villani 1 .\"><\/object><a id=\"wp-block-file--media-d482f0e5-f542-4fc7-bf3f-3ad5be824455\" href=\"https:\/\/sites.ac-corse.fr\/arts\/wp-content\/uploads\/sites\/3\/2026\/09\/Traam2026.pdf\">Traam2026 Mme Villani 1 <\/a><a href=\"https:\/\/sites.ac-corse.fr\/arts\/wp-content\/uploads\/sites\/3\/2026\/09\/Traam2026.pdf\" class=\"wp-block-file__button wp-element-button\" download aria-describedby=\"wp-block-file--media-d482f0e5-f542-4fc7-bf3f-3ad5be824455\">T\u00e9l\u00e9charger<\/a><\/div>\n\n\n\n<div data-wp-interactive=\"core\/file\" class=\"wp-block-file\"><object data-wp-bind--hidden=\"!state.hasPdfPreview\" hidden class=\"wp-block-file__embed\" data=\"https:\/\/sites.ac-corse.fr\/arts\/wp-content\/uploads\/sites\/3\/2026\/09\/traamsuite.pdf\" type=\"application\/pdf\" style=\"width:100%;height:600px\" aria-label=\"Contenu embarqu\u00e9 Traam2026 Mme Villani 2.\"><\/object><a id=\"wp-block-file--media-7bb46f86-8823-4137-a381-6cadaa748b2e\" href=\"https:\/\/sites.ac-corse.fr\/arts\/wp-content\/uploads\/sites\/3\/2026\/09\/traamsuite.pdf\">Traam2026 Mme Villani 2<\/a><a href=\"https:\/\/sites.ac-corse.fr\/arts\/wp-content\/uploads\/sites\/3\/2026\/09\/traamsuite.pdf\" class=\"wp-block-file__button wp-element-button\" download aria-describedby=\"wp-block-file--media-7bb46f86-8823-4137-a381-6cadaa748b2e\">T\u00e9l\u00e9charger<\/a><\/div>\n\n\n\n<p class=\"wp-block-paragraph\">Nous remercions Mme Alexandra Villani pour avoir conduit et accompagn\u00e9 la mise en \u0153uvre de ce projet, d\u00e9velopp\u00e9 \u00e0 partir d\u2019une proposition initiale de Mme Julie Leidier aupr\u00e8s des \u00e9l\u00e8ves du Coll\u00e8ge de Baleone. <\/p>\n\n\n\n<p class=\"wp-block-paragraph\"><\/p>\n","protected":false},"excerpt":{"rendered":"<p>Le langage au service de l\u2019autonomie de l\u2019image ? Dans le cadre des TraAM en Histoire des Arts durant l&rsquo;ann\u00e9e 2025- 2026, cette exp\u00e9rimentation men\u00e9e en classe de troisi\u00e8me propose d\u2019interroger la place du langage et de l\u2019intelligence artificielle g\u00e9n\u00e9rative dans le processus de cr\u00e9ation. Elle s\u2019articule autour de la probl\u00e9matique : \u00ab De quelle [&hellip;]<\/p>\n","protected":false},"author":104,"featured_media":8994,"comment_status":"open","ping_status":"open","sticky":false,"template":"","format":"standard","meta":{"footnotes":""},"categories":[330,184,7,36],"tags":[],"class_list":["post-8991","post","type-post","status-publish","format-standard","has-post-thumbnail","hentry","category-3eme","category-cycle-4","category-image-fixe-animee-et-creation-numerique","category-outil"],"_links":{"self":[{"href":"https:\/\/sites.ac-corse.fr\/arts\/wp-json\/wp\/v2\/posts\/8991","targetHints":{"allow":["GET"]}}],"collection":[{"href":"https:\/\/sites.ac-corse.fr\/arts\/wp-json\/wp\/v2\/posts"}],"about":[{"href":"https:\/\/sites.ac-corse.fr\/arts\/wp-json\/wp\/v2\/types\/post"}],"author":[{"embeddable":true,"href":"https:\/\/sites.ac-corse.fr\/arts\/wp-json\/wp\/v2\/users\/104"}],"replies":[{"embeddable":true,"href":"https:\/\/sites.ac-corse.fr\/arts\/wp-json\/wp\/v2\/comments?post=8991"}],"version-history":[{"count":1,"href":"https:\/\/sites.ac-corse.fr\/arts\/wp-json\/wp\/v2\/posts\/8991\/revisions"}],"predecessor-version":[{"id":8995,"href":"https:\/\/sites.ac-corse.fr\/arts\/wp-json\/wp\/v2\/posts\/8991\/revisions\/8995"}],"wp:featuredmedia":[{"embeddable":true,"href":"https:\/\/sites.ac-corse.fr\/arts\/wp-json\/wp\/v2\/media\/8994"}],"wp:attachment":[{"href":"https:\/\/sites.ac-corse.fr\/arts\/wp-json\/wp\/v2\/media?parent=8991"}],"wp:term":[{"taxonomy":"category","embeddable":true,"href":"https:\/\/sites.ac-corse.fr\/arts\/wp-json\/wp\/v2\/categories?post=8991"},{"taxonomy":"post_tag","embeddable":true,"href":"https:\/\/sites.ac-corse.fr\/arts\/wp-json\/wp\/v2\/tags?post=8991"}],"curies":[{"name":"wp","href":"https:\/\/api.w.org\/{rel}","templated":true}]}}