{"id":8996,"date":"2026-09-02T08:39:06","date_gmt":"2026-09-02T06:39:06","guid":{"rendered":"https:\/\/sites.ac-corse.fr\/arts\/?p=8996"},"modified":"2026-09-02T08:39:06","modified_gmt":"2026-09-02T06:39:06","slug":"traam-hda-lamour-a-lere-de-lintelligence-artificielle","status":"publish","type":"post","link":"https:\/\/sites.ac-corse.fr\/arts\/2026\/09\/02\/traam-hda-lamour-a-lere-de-lintelligence-artificielle\/","title":{"rendered":"TraAm HDA : L&rsquo;amour \u00e0 l&rsquo;\u00e8re de l&rsquo;intelligence artificielle"},"content":{"rendered":"\n<figure class=\"wp-block-image size-large\"><img loading=\"lazy\" decoding=\"async\" width=\"1024\" height=\"541\" src=\"https:\/\/sites.ac-corse.fr\/arts\/wp-content\/uploads\/sites\/3\/2026\/09\/WhatsApp-Image-2026-09-02-at-08.35.03-1024x541.jpeg\" alt=\"\" class=\"wp-image-9003\" srcset=\"https:\/\/sites.ac-corse.fr\/arts\/wp-content\/uploads\/sites\/3\/2026\/09\/WhatsApp-Image-2026-09-02-at-08.35.03-1024x541.jpeg 1024w, https:\/\/sites.ac-corse.fr\/arts\/wp-content\/uploads\/sites\/3\/2026\/09\/WhatsApp-Image-2026-09-02-at-08.35.03-300x158.jpeg 300w, https:\/\/sites.ac-corse.fr\/arts\/wp-content\/uploads\/sites\/3\/2026\/09\/WhatsApp-Image-2026-09-02-at-08.35.03-767x405.jpeg 767w, https:\/\/sites.ac-corse.fr\/arts\/wp-content\/uploads\/sites\/3\/2026\/09\/WhatsApp-Image-2026-09-02-at-08.35.03-1536x812.jpeg 1536w, https:\/\/sites.ac-corse.fr\/arts\/wp-content\/uploads\/sites\/3\/2026\/09\/WhatsApp-Image-2026-09-02-at-08.35.03.jpeg 2048w\" sizes=\"auto, (max-width: 1024px) 100vw, 1024px\" \/><\/figure>\n\n\n\n<p class=\"wp-block-paragraph\">Dans le cadre des TraAM 2025-2026, le projet interdisciplinaire L\u2019amour \u00e0 l\u2019\u00e8re des images a \u00e9t\u00e9 men\u00e9 avec une classe de 4e bilingue, \u00e0 la crois\u00e9e des arts plastiques, du fran\u00e7ais et de l\u2019histoire des arts. Il interroge la place de l\u2019intelligence artificielle dans notre rapport aux images, \u00e0 travers la probl\u00e9matique : \u00ab Comment l\u2019\u00e8re num\u00e9rique transforme-t-elle notre perception du beau, du laid\u2026 et notre mani\u00e8re d\u2019aimer ? \u00bb<\/p>\n\n\n\n<p class=\"wp-block-paragraph\">\u00c0 travers plusieurs exp\u00e9rimentations associant image, texte et voix, les \u00e9l\u00e8ves ont questionn\u00e9 les repr\u00e9sentations de l\u2019amour, les normes esth\u00e9tiques et les st\u00e9r\u00e9otypes v\u00e9hicul\u00e9s par les images. L\u2019usage raisonn\u00e9 et critique de diff\u00e9rentes intelligences artificielles les a conduits \u00e0 produire des cr\u00e9ations multimodales, r\u00e9unies dans une exposition collective accompagn\u00e9e d\u2019un travail de m\u00e9diation.<\/p>\n\n\n\n<p class=\"wp-block-paragraph\">Le projet a ainsi permis de d\u00e9velopper une r\u00e9flexion sur les rapports entre cr\u00e9ation artistique, intelligence artificielle et culture visuelle contemporaine, tout en amenant les \u00e9l\u00e8ves \u00e0 prendre de la distance face aux mod\u00e8les et repr\u00e9sentations produits par les technologies num\u00e9riques.<\/p>\n\n\n\n<p class=\"wp-block-paragraph\">Retrouvez ci-dessous la pr\u00e9sentation compl\u00e8te du projet, son analyse r\u00e9flexive ainsi que des exemples de productions et de r\u00e9alisations des \u00e9l\u00e8ves.<\/p>\n\n\n\n<div data-wp-interactive=\"core\/file\" class=\"wp-block-file\"><object data-wp-bind--hidden=\"!state.hasPdfPreview\" hidden class=\"wp-block-file__embed\" data=\"https:\/\/sites.ac-corse.fr\/arts\/wp-content\/uploads\/sites\/3\/2026\/09\/Synthese-final-traAm-college-philippe-pescetti-projet-lamour-a-lere-des-images-mme-battini-et-mme-fontana.pdf\" type=\"application\/pdf\" style=\"width:100%;height:600px\" aria-label=\"Contenu embarqu\u00e9 Synth\u00e8se final traAm coll\u00e8ge philippe pescetti projet l&apos;amour \u00e0 l&apos;\u00e8re des images, mme battini et mme fontana.\"><\/object><a id=\"wp-block-file--media-e8e31755-dff3-466e-914a-c7d9ccefba24\" href=\"https:\/\/sites.ac-corse.fr\/arts\/wp-content\/uploads\/sites\/3\/2026\/09\/Synthese-final-traAm-college-philippe-pescetti-projet-lamour-a-lere-des-images-mme-battini-et-mme-fontana.pdf\">Synth\u00e8se final traAm coll\u00e8ge philippe pescetti projet l&rsquo;amour \u00e0 l&rsquo;\u00e8re des images, mme battini et mme fontana<\/a><a href=\"https:\/\/sites.ac-corse.fr\/arts\/wp-content\/uploads\/sites\/3\/2026\/09\/Synthese-final-traAm-college-philippe-pescetti-projet-lamour-a-lere-des-images-mme-battini-et-mme-fontana.pdf\" class=\"wp-block-file__button wp-element-button\" download aria-describedby=\"wp-block-file--media-e8e31755-dff3-466e-914a-c7d9ccefba24\">T\u00e9l\u00e9charger<\/a><\/div>\n\n\n\n<div data-wp-interactive=\"core\/file\" class=\"wp-block-file\"><object data-wp-bind--hidden=\"!state.hasPdfPreview\" hidden class=\"wp-block-file__embed\" data=\"https:\/\/sites.ac-corse.fr\/arts\/wp-content\/uploads\/sites\/3\/2026\/09\/Scenario-pedagogique-complet.pdf\" type=\"application\/pdf\" style=\"width:100%;height:600px\" aria-label=\"Contenu embarqu\u00e9 Sc\u00e9nario p\u00e9dagogique complet.\"><\/object><a id=\"wp-block-file--media-f8b85990-9ad4-4131-841f-fbd2a832664f\" href=\"https:\/\/sites.ac-corse.fr\/arts\/wp-content\/uploads\/sites\/3\/2026\/09\/Scenario-pedagogique-complet.pdf\">Sc\u00e9nario p\u00e9dagogique complet<\/a><a href=\"https:\/\/sites.ac-corse.fr\/arts\/wp-content\/uploads\/sites\/3\/2026\/09\/Scenario-pedagogique-complet.pdf\" class=\"wp-block-file__button wp-element-button\" download aria-describedby=\"wp-block-file--media-f8b85990-9ad4-4131-841f-fbd2a832664f\">T\u00e9l\u00e9charger<\/a><\/div>\n\n\n\n<div data-wp-interactive=\"core\/file\" class=\"wp-block-file\"><object data-wp-bind--hidden=\"!state.hasPdfPreview\" hidden class=\"wp-block-file__embed\" data=\"https:\/\/sites.ac-corse.fr\/arts\/wp-content\/uploads\/sites\/3\/2026\/09\/Fiche-eleve-traAm-p1.pdf\" type=\"application\/pdf\" style=\"width:100%;height:600px\" aria-label=\"Contenu embarqu\u00e9 Fiche eleve traAm p1.\"><\/object><a id=\"wp-block-file--media-50980d81-5be0-428b-bc46-433d4d6cfde5\" href=\"https:\/\/sites.ac-corse.fr\/arts\/wp-content\/uploads\/sites\/3\/2026\/09\/Fiche-eleve-traAm-p1.pdf\">Fiche eleve traAm p1<\/a><a href=\"https:\/\/sites.ac-corse.fr\/arts\/wp-content\/uploads\/sites\/3\/2026\/09\/Fiche-eleve-traAm-p1.pdf\" class=\"wp-block-file__button wp-element-button\" download aria-describedby=\"wp-block-file--media-50980d81-5be0-428b-bc46-433d4d6cfde5\">T\u00e9l\u00e9charger<\/a><\/div>\n\n\n\n<div data-wp-interactive=\"core\/file\" class=\"wp-block-file\"><object data-wp-bind--hidden=\"!state.hasPdfPreview\" hidden class=\"wp-block-file__embed\" data=\"https:\/\/sites.ac-corse.fr\/arts\/wp-content\/uploads\/sites\/3\/2026\/09\/Fiche-eleve-traAm-p2.pdf\" type=\"application\/pdf\" style=\"width:100%;height:600px\" aria-label=\"Contenu embarqu\u00e9 Fiche eleve traAm p2.\"><\/object><a id=\"wp-block-file--media-64a29db3-7e56-40cd-aafc-8c0dd50a39a1\" href=\"https:\/\/sites.ac-corse.fr\/arts\/wp-content\/uploads\/sites\/3\/2026\/09\/Fiche-eleve-traAm-p2.pdf\">Fiche eleve traAm p2<\/a><a href=\"https:\/\/sites.ac-corse.fr\/arts\/wp-content\/uploads\/sites\/3\/2026\/09\/Fiche-eleve-traAm-p2.pdf\" class=\"wp-block-file__button wp-element-button\" download aria-describedby=\"wp-block-file--media-64a29db3-7e56-40cd-aafc-8c0dd50a39a1\">T\u00e9l\u00e9charger<\/a><\/div>\n\n\n\n<div data-wp-interactive=\"core\/file\" class=\"wp-block-file\"><object data-wp-bind--hidden=\"!state.hasPdfPreview\" hidden class=\"wp-block-file__embed\" data=\"https:\/\/sites.ac-corse.fr\/arts\/wp-content\/uploads\/sites\/3\/2026\/09\/Fiche-eleve-traAm-p3.pdf\" type=\"application\/pdf\" style=\"width:100%;height:600px\" aria-label=\"Contenu embarqu\u00e9 Fiche eleve traAm p3.\"><\/object><a id=\"wp-block-file--media-503516fe-5e0f-47f4-bdcd-903c11ef60c1\" href=\"https:\/\/sites.ac-corse.fr\/arts\/wp-content\/uploads\/sites\/3\/2026\/09\/Fiche-eleve-traAm-p3.pdf\">Fiche eleve traAm p3<\/a><a href=\"https:\/\/sites.ac-corse.fr\/arts\/wp-content\/uploads\/sites\/3\/2026\/09\/Fiche-eleve-traAm-p3.pdf\" class=\"wp-block-file__button wp-element-button\" download aria-describedby=\"wp-block-file--media-503516fe-5e0f-47f4-bdcd-903c11ef60c1\">T\u00e9l\u00e9charger<\/a><\/div>\n\n\n\n<p class=\"wp-block-paragraph\">Ce projet a \u00e9t\u00e9 pilot\u00e9 par Mme Battini, qui en a assur\u00e9 le travail en histoire des arts, arts plastiques et langue corse aupr\u00e8s des \u00e9l\u00e8ves du coll\u00e8ge Philippe Pescetti de Cervioni, en collaboration avec Mme Fontana, que nous remercions pour son implication et sa contribution dans le cadre de l\u2019enseignement du fran\u00e7ais.<\/p>\n","protected":false},"excerpt":{"rendered":"<p>Dans le cadre des TraAM 2025-2026, le projet interdisciplinaire L\u2019amour \u00e0 l\u2019\u00e8re des images a \u00e9t\u00e9 men\u00e9 avec une classe de 4e bilingue, \u00e0 la crois\u00e9e des arts plastiques, du fran\u00e7ais et de l\u2019histoire des arts. Il interroge la place de l\u2019intelligence artificielle dans notre rapport aux images, \u00e0 travers la probl\u00e9matique : \u00ab Comment [&hellip;]<\/p>\n","protected":false},"author":104,"featured_media":9003,"comment_status":"open","ping_status":"open","sticky":false,"template":"","format":"standard","meta":{"footnotes":""},"categories":[331,166,184,7,9,36,88],"tags":[],"class_list":["post-8996","post","type-post","status-publish","format-standard","has-post-thumbnail","hentry","category-4eme","category-corps","category-cycle-4","category-image-fixe-animee-et-creation-numerique","category-installation-numerique","category-outil","category-video"],"_links":{"self":[{"href":"https:\/\/sites.ac-corse.fr\/arts\/wp-json\/wp\/v2\/posts\/8996","targetHints":{"allow":["GET"]}}],"collection":[{"href":"https:\/\/sites.ac-corse.fr\/arts\/wp-json\/wp\/v2\/posts"}],"about":[{"href":"https:\/\/sites.ac-corse.fr\/arts\/wp-json\/wp\/v2\/types\/post"}],"author":[{"embeddable":true,"href":"https:\/\/sites.ac-corse.fr\/arts\/wp-json\/wp\/v2\/users\/104"}],"replies":[{"embeddable":true,"href":"https:\/\/sites.ac-corse.fr\/arts\/wp-json\/wp\/v2\/comments?post=8996"}],"version-history":[{"count":1,"href":"https:\/\/sites.ac-corse.fr\/arts\/wp-json\/wp\/v2\/posts\/8996\/revisions"}],"predecessor-version":[{"id":9004,"href":"https:\/\/sites.ac-corse.fr\/arts\/wp-json\/wp\/v2\/posts\/8996\/revisions\/9004"}],"wp:featuredmedia":[{"embeddable":true,"href":"https:\/\/sites.ac-corse.fr\/arts\/wp-json\/wp\/v2\/media\/9003"}],"wp:attachment":[{"href":"https:\/\/sites.ac-corse.fr\/arts\/wp-json\/wp\/v2\/media?parent=8996"}],"wp:term":[{"taxonomy":"category","embeddable":true,"href":"https:\/\/sites.ac-corse.fr\/arts\/wp-json\/wp\/v2\/categories?post=8996"},{"taxonomy":"post_tag","embeddable":true,"href":"https:\/\/sites.ac-corse.fr\/arts\/wp-json\/wp\/v2\/tags?post=8996"}],"curies":[{"name":"wp","href":"https:\/\/api.w.org\/{rel}","templated":true}]}}