{"id":764,"date":"2024-12-19T16:39:23","date_gmt":"2024-12-19T15:39:23","guid":{"rendered":"https:\/\/sites.ac-corse.fr\/carrefourlangues\/?p=764"},"modified":"2024-12-19T16:39:23","modified_gmt":"2024-12-19T15:39:23","slug":"consultation-nationale-sur-le-projet-de-programmes-de-langues-vivantes-etrangeres-et-regionales-de-la-sixieme-a-la-terminale","status":"publish","type":"post","link":"https:\/\/sites.ac-corse.fr\/carrefourlangues\/2024\/12\/19\/consultation-nationale-sur-le-projet-de-programmes-de-langues-vivantes-etrangeres-et-regionales-de-la-sixieme-a-la-terminale\/","title":{"rendered":"Consultation nationale sur le projet de programmes de langues vivantes \u00e9trang\u00e8res et r\u00e9gionales de la sixi\u00e8me \u00e0 la terminale"},"content":{"rendered":"\n<figure class=\"wp-block-image size-full is-resized\"><a href=\"https:\/\/eduscol.education.fr\/4150\/consultation-nationale-sur-le-projet-de-programmes-de-langues-vivantes-etrangeres-et-regionales\"><img loading=\"lazy\" decoding=\"async\" width=\"1080\" height=\"790\" src=\"https:\/\/sites.ac-corse.fr\/carrefourlangues\/wp-content\/uploads\/sites\/25\/2024\/09\/min_education_nationale_rvb.png\" alt=\"\" class=\"wp-image-726\" style=\"width:123px;height:auto\"\/><\/a><\/figure>\n\n\n\n<p>Par une lettre de saisine en date du 13 mars 2024, la ministre de l\u2019\u00c9ducation nationale a demand\u00e9 au Conseil sup\u00e9rieur des programmes (CSP) de r\u00e9viser les <strong>programmes de langues vivantes \u00e9trang\u00e8res et r\u00e9gionales de la sixi\u00e8me \u00e0 la terminale<\/strong>, pour une entr\u00e9e en vigueur \u00e0 la <strong>rentr\u00e9e 2025<\/strong>.<\/p>\n\n\n\n<p>Le CSP a rendu public les projets de programmes pour 8 langues vivantes \u00e9trang\u00e8res le 6 d\u00e9cembre 2024. Les projets pour d\u2019autres langues vivantes seront publi\u00e9s ult\u00e9rieurement.<\/p>\n\n\n\n<p>Une consultation sur ces projets de programmes est organis\u00e9e du <strong>lundi 16 d\u00e9cembre 2024 au vendredi 17 janvier 2025<\/strong>.<\/p>\n\n\n\n<p>Au coll\u00e8ge<\/p>\n\n\n\n<ul class=\"wp-block-list\">\n<li><a href=\"https:\/\/www.education.gouv.fr\/media\/198648\/download\">allemand au coll\u00e8ge<\/a><\/li>\n\n\n\n<li><a href=\"https:\/\/www.education.gouv.fr\/media\/198651\/download\">anglais au coll\u00e8ge<\/a><\/li>\n\n\n\n<li><a href=\"https:\/\/www.education.gouv.fr\/media\/198652\/download\">arabe au coll\u00e8ge<\/a><\/li>\n\n\n\n<li><a href=\"https:\/\/www.education.gouv.fr\/media\/198655\/download\">chinois au coll\u00e8ge<\/a><\/li>\n\n\n\n<li><a href=\"https:\/\/www.education.gouv.fr\/media\/198657\/download\">espagnol au coll\u00e8ge<\/a><\/li>\n\n\n\n<li><a href=\"https:\/\/www.education.gouv.fr\/media\/198658\/download\">italien au coll\u00e8ge<\/a><\/li>\n\n\n\n<li><a href=\"https:\/\/www.education.gouv.fr\/media\/198661\/download\">portugais au coll\u00e8ge<\/a><\/li>\n\n\n\n<li><a href=\"https:\/\/www.education.gouv.fr\/media\/198663\/download\">russe au coll\u00e8ge<\/a><\/li>\n<\/ul>\n\n\n\n<p>Au lyc\u00e9e<\/p>\n\n\n\n<ul class=\"wp-block-list\">\n<li><a href=\"https:\/\/www.education.gouv.fr\/media\/198664\/download\">allemand au lyc\u00e9e<\/a><\/li>\n\n\n\n<li><a href=\"https:\/\/www.education.gouv.fr\/media\/198665\/download\">anglais au lyc\u00e9e<\/a><\/li>\n\n\n\n<li><a href=\"https:\/\/www.education.gouv.fr\/media\/198668\/download\">arabe au lyc\u00e9e<\/a><\/li>\n\n\n\n<li><a href=\"https:\/\/www.education.gouv.fr\/media\/198671\/download\">chinois au lyc\u00e9e<\/a><\/li>\n\n\n\n<li><a href=\"https:\/\/www.education.gouv.fr\/media\/198673\/download\">espagnol au lyc\u00e9e<\/a><\/li>\n\n\n\n<li><a href=\"https:\/\/www.education.gouv.fr\/media\/198675\/download\">italien au lyc\u00e9e<\/a><\/li>\n\n\n\n<li><a href=\"https:\/\/www.education.gouv.fr\/media\/198677\/download\">portugais au lyc\u00e9e<\/a><\/li>\n\n\n\n<li><a href=\"https:\/\/www.education.gouv.fr\/media\/198679\/download\">russe au lyc\u00e9e<\/a><\/li>\n<\/ul>\n\n\n\n<h2 class=\"wp-block-heading\" id=\"summary-item-0\">Une consultation de la communaut\u00e9 \u00e9ducative<\/h2>\n\n\n\n<p>Le minist\u00e8re engage une large consultation pour recueillir l&rsquo;avis et les suggestions de la communaut\u00e9 \u00e9ducative sur les projets de programmes \u00e9labor\u00e9s par le Conseil sup\u00e9rieur des programmes.<\/p>\n\n\n\n<p>Cette consultation nationale constitue une \u00e9tape \u00e0 part enti\u00e8re dans le <a href=\"https:\/\/www.education.gouv.fr\/le-conseil-superieur-des-programmes-41570#edugouv-summary-item-6\" target=\"_blank\" rel=\"noreferrer noopener\">processus d&rsquo;\u00e9laboration du programme<\/a>. Le projet de programme sera ensuite pr\u00e9sent\u00e9 au Conseil sup\u00e9rieur de l&rsquo;\u00e9ducation puis publi\u00e9 au Journal officiel et au Bulletin officiel de l\u2019\u00e9ducation nationale.<\/p>\n\n\n\n<h2 class=\"wp-block-heading\" id=\"summary-item-1\">Modalit\u00e9s de consultation pour les professionnels de l&rsquo;\u00e9ducation<\/h2>\n\n\n\n<p>Un questionnaire en ligne individuel et anonyme est propos\u00e9. Il permet d\u2019interroger&nbsp;:<\/p>\n\n\n\n<ul class=\"wp-block-list\">\n<li>l\u2019approche g\u00e9n\u00e9rale des projets de programmes\u00a0;<\/li>\n\n\n\n<li>les contenus d\u2019enseignement\u00a0;<\/li>\n\n\n\n<li>la mise en \u0153uvre du programme en classe.<\/li>\n<\/ul>\n\n\n\n<p>Des espaces d&rsquo;expression libre permettent de formuler des remarques et des suggestions.<\/p>\n\n\n\n<p>Demander un acc\u00e8s personnalis\u00e9 au questionnaire de la consultation <a href=\"https:\/\/ppe.orion.education.fr\/pole_ppe\/itw\/answer\/s\/tvg3oye6xi\/k\/DYibrrF\" target=\"_blank\" rel=\"noreferrer noopener\">Demander un acc\u00e8s personnalis\u00e9 au questionnaire de la consultation<\/a><\/p>\n\n\n\n<h2 class=\"wp-block-heading\" id=\"summary-item-2\">Modalit\u00e9s de la consultation pour les familles<\/h2>\n\n\n\n<p>La consultation est \u00e9galement propos\u00e9e aux familles des \u00e9l\u00e8ves et \u00e0 quiconque souhaite donner son avis sur les projets de programmes.<\/p>\n\n\n\n<p>L\u2019adresse de contact mise \u00e0 disposition pour transmettre avis et suggestions est <a href=\"mailto:dgesco.contenus-pedagogiques@education.gouv.fr\">dgesco.contenus-pedagogiques@education.gouv.fr<\/a><\/p>\n\n\n\n<p><\/p>\n","protected":false},"excerpt":{"rendered":"<p>Par une lettre de saisine en date du 13 mars 2024, la ministre de l\u2019\u00c9ducation nationale a demand\u00e9 au Conseil sup\u00e9rieur des programmes (CSP) de r\u00e9viser les programmes de langues vivantes \u00e9trang\u00e8res et r\u00e9gionales de la sixi\u00e8me \u00e0 la terminale, pour une entr\u00e9e en vigueur \u00e0 la rentr\u00e9e 2025. Le CSP a rendu public les [&hellip;]<\/p>\n","protected":false},"author":69,"featured_media":0,"comment_status":"closed","ping_status":"closed","sticky":false,"template":"","format":"standard","meta":{"footnotes":""},"categories":[5],"tags":[],"class_list":["post-764","post","type-post","status-publish","format-standard","hentry","category-nouvelles"],"_links":{"self":[{"href":"https:\/\/sites.ac-corse.fr\/carrefourlangues\/wp-json\/wp\/v2\/posts\/764","targetHints":{"allow":["GET"]}}],"collection":[{"href":"https:\/\/sites.ac-corse.fr\/carrefourlangues\/wp-json\/wp\/v2\/posts"}],"about":[{"href":"https:\/\/sites.ac-corse.fr\/carrefourlangues\/wp-json\/wp\/v2\/types\/post"}],"author":[{"embeddable":true,"href":"https:\/\/sites.ac-corse.fr\/carrefourlangues\/wp-json\/wp\/v2\/users\/69"}],"replies":[{"embeddable":true,"href":"https:\/\/sites.ac-corse.fr\/carrefourlangues\/wp-json\/wp\/v2\/comments?post=764"}],"version-history":[{"count":2,"href":"https:\/\/sites.ac-corse.fr\/carrefourlangues\/wp-json\/wp\/v2\/posts\/764\/revisions"}],"predecessor-version":[{"id":766,"href":"https:\/\/sites.ac-corse.fr\/carrefourlangues\/wp-json\/wp\/v2\/posts\/764\/revisions\/766"}],"wp:attachment":[{"href":"https:\/\/sites.ac-corse.fr\/carrefourlangues\/wp-json\/wp\/v2\/media?parent=764"}],"wp:term":[{"taxonomy":"category","embeddable":true,"href":"https:\/\/sites.ac-corse.fr\/carrefourlangues\/wp-json\/wp\/v2\/categories?post=764"},{"taxonomy":"post_tag","embeddable":true,"href":"https:\/\/sites.ac-corse.fr\/carrefourlangues\/wp-json\/wp\/v2\/tags?post=764"}],"curies":[{"name":"wp","href":"https:\/\/api.w.org\/{rel}","templated":true}]}}