{"id":891,"date":"2026-04-02T09:20:46","date_gmt":"2026-04-02T07:20:46","guid":{"rendered":"https:\/\/sites.ac-corse.fr\/carrefourlangues\/?p=891"},"modified":"2026-04-02T09:20:46","modified_gmt":"2026-04-02T07:20:46","slug":"textes-officiels-de-reference","status":"publish","type":"post","link":"https:\/\/sites.ac-corse.fr\/carrefourlangues\/2026\/04\/02\/textes-officiels-de-reference\/","title":{"rendered":"Textes officiels de r\u00e9f\u00e9rence"},"content":{"rendered":"\n<figure class=\"wp-block-image size-full is-resized\"><img loading=\"lazy\" decoding=\"async\" width=\"1080\" height=\"790\" src=\"https:\/\/sites.ac-corse.fr\/carrefourlangues\/wp-content\/uploads\/sites\/25\/2024\/09\/min_education_nationale_rvb.png\" alt=\"\" class=\"wp-image-726\" style=\"aspect-ratio:1.3670840829492392;width:141px;height:auto\"\/><\/figure>\n\n\n\n<p>La <a href=\"https:\/\/www.education.gouv.fr\/bo\/22\/Hebdo47\/MENE2234752C.htm\" target=\"_blank\" rel=\"noreferrer noopener\">circulaire publi\u00e9e au BO du 15 d\u00e9cembre 2022<\/a> d\u00e9crit les mesures \u00e0 d\u00e9ployer pour renforcer les comp\u00e9tences des \u00e9l\u00e8ves en anglais et dans les autres langues vivantes \u00e9trang\u00e8res obligatoires. Elle s\u2019inscrit dans la continuit\u00e9 du <a href=\"https:\/\/eduscol.education.gouv.fr\/media\/68088\/download?attachment\" target=\"_blank\" rel=\"noreferrer noopener\">Plan langues vivantes<\/a> et s\u2019articule autour de quatre axes&nbsp;:<\/p>\n\n\n\n<ul class=\"wp-block-list\">\n<li>proposer un enseignement progressif, m\u00e9thodique et ambitieux\u00a0;<\/li>\n\n\n\n<li>renforcer la formation des professeurs des \u00e9coles, de langues et de DNL\u00a0;<\/li>\n\n\n\n<li>favoriser la mobilit\u00e9 des \u00e9l\u00e8ves et des personnels\u00a0;<\/li>\n\n\n\n<li>renforcer le pilotage p\u00e9dagogique par et pour les langues vivantes.<\/li>\n<\/ul>\n\n\n\n<p>La <a href=\"https:\/\/www.education.gouv.fr\/bo\/21\/Hebdo47\/MENE2136384C.htm\" target=\"_blank\" rel=\"noreferrer noopener\">circulaire publi\u00e9e au BO du 14 d\u00e9cembre 2021 relative au cadre applicable et \u00e0 la promotion des langues et cultures r\u00e9gionales<\/a> d\u00e9crit les mesures pour la pr\u00e9servation et la valorisation des langues r\u00e9gionales tout au long de la scolarit\u00e9. Elle pr\u00e9cise que ces mesures sont associ\u00e9es autant que possible aux actions r\u00e9alis\u00e9es dans le cadre du Plan langues.<\/p>\n","protected":false},"excerpt":{"rendered":"<p>La circulaire publi\u00e9e au BO du 15 d\u00e9cembre 2022 d\u00e9crit les mesures \u00e0 d\u00e9ployer pour renforcer les comp\u00e9tences des \u00e9l\u00e8ves en anglais et dans les autres langues vivantes \u00e9trang\u00e8res obligatoires. Elle s\u2019inscrit dans la continuit\u00e9 du Plan langues vivantes et s\u2019articule autour de quatre axes&nbsp;: La circulaire publi\u00e9e au BO du 14 d\u00e9cembre 2021 relative [&hellip;]<\/p>\n","protected":false},"author":69,"featured_media":0,"comment_status":"open","ping_status":"open","sticky":false,"template":"","format":"standard","meta":{"footnotes":""},"categories":[7],"tags":[],"class_list":["post-891","post","type-post","status-publish","format-standard","hentry","category-textes-officiels"],"_links":{"self":[{"href":"https:\/\/sites.ac-corse.fr\/carrefourlangues\/wp-json\/wp\/v2\/posts\/891","targetHints":{"allow":["GET"]}}],"collection":[{"href":"https:\/\/sites.ac-corse.fr\/carrefourlangues\/wp-json\/wp\/v2\/posts"}],"about":[{"href":"https:\/\/sites.ac-corse.fr\/carrefourlangues\/wp-json\/wp\/v2\/types\/post"}],"author":[{"embeddable":true,"href":"https:\/\/sites.ac-corse.fr\/carrefourlangues\/wp-json\/wp\/v2\/users\/69"}],"replies":[{"embeddable":true,"href":"https:\/\/sites.ac-corse.fr\/carrefourlangues\/wp-json\/wp\/v2\/comments?post=891"}],"version-history":[{"count":1,"href":"https:\/\/sites.ac-corse.fr\/carrefourlangues\/wp-json\/wp\/v2\/posts\/891\/revisions"}],"predecessor-version":[{"id":892,"href":"https:\/\/sites.ac-corse.fr\/carrefourlangues\/wp-json\/wp\/v2\/posts\/891\/revisions\/892"}],"wp:attachment":[{"href":"https:\/\/sites.ac-corse.fr\/carrefourlangues\/wp-json\/wp\/v2\/media?parent=891"}],"wp:term":[{"taxonomy":"category","embeddable":true,"href":"https:\/\/sites.ac-corse.fr\/carrefourlangues\/wp-json\/wp\/v2\/categories?post=891"},{"taxonomy":"post_tag","embeddable":true,"href":"https:\/\/sites.ac-corse.fr\/carrefourlangues\/wp-json\/wp\/v2\/tags?post=891"}],"curies":[{"name":"wp","href":"https:\/\/api.w.org\/{rel}","templated":true}]}}