{"id":900,"date":"2026-04-30T16:22:11","date_gmt":"2026-04-30T14:22:11","guid":{"rendered":"https:\/\/sites.ac-corse.fr\/carrefourlangues\/?p=900"},"modified":"2026-04-30T16:24:05","modified_gmt":"2026-04-30T14:24:05","slug":"9-mai-2026-journee-de-leurope","status":"publish","type":"post","link":"https:\/\/sites.ac-corse.fr\/carrefourlangues\/2026\/04\/30\/9-mai-2026-journee-de-leurope\/","title":{"rendered":"9 mai 2026 : journ\u00e9e de l&rsquo;Europe"},"content":{"rendered":"\n<figure class=\"wp-block-image size-full is-resized\"><a href=\"https:\/\/eduscol.education.gouv.fr\/6660\/ressources-pedagogiques-pour-mieux-connaitre-l-europe\"><img loading=\"lazy\" decoding=\"async\" width=\"690\" height=\"388\" src=\"https:\/\/sites.ac-corse.fr\/carrefourlangues\/wp-content\/uploads\/sites\/25\/2026\/04\/vignette_eduscol_952x453_265.jpg.webp\" alt=\"\" class=\"wp-image-902\" style=\"width:263px;height:auto\" srcset=\"https:\/\/sites.ac-corse.fr\/carrefourlangues\/wp-content\/uploads\/sites\/25\/2026\/04\/vignette_eduscol_952x453_265.jpg.webp 690w, https:\/\/sites.ac-corse.fr\/carrefourlangues\/wp-content\/uploads\/sites\/25\/2026\/04\/vignette_eduscol_952x453_265.jpg-300x169.webp 300w\" sizes=\"auto, (max-width: 690px) 100vw, 690px\" \/><\/a><\/figure>\n\n\n\n<figure class=\"wp-block-table\"><table class=\"has-fixed-layout\"><tbody><tr><td><strong>9 mai<\/strong> <strong>2026<\/strong><\/td><td><a href=\"https:\/\/eduscol.education.gouv.fr\/6660\/ressources-pedagogiques-pour-mieux-connaitre-l-europe\" target=\"_blank\" rel=\"noreferrer noopener\"><strong>Journ\u00e9e de l&rsquo;Europe<\/strong><\/a>.&nbsp;Tout au long du mois de mai, le&nbsp;\u00ab\u00a0Joli mois de l\u2019Europe\u00a0\u00bb&nbsp;fait vivre les valeurs de l\u2019Union europ\u00e9enne \u00e0 travers des projets p\u00e9dagogiques.&nbsp;<\/td><\/tr><\/tbody><\/table><\/figure>\n","protected":false},"excerpt":{"rendered":"<p>9 mai 2026 Journ\u00e9e de l&rsquo;Europe.&nbsp;Tout au long du mois de mai, le&nbsp;\u00ab\u00a0Joli mois de l\u2019Europe\u00a0\u00bb&nbsp;fait vivre les valeurs de l\u2019Union europ\u00e9enne \u00e0 travers des projets p\u00e9dagogiques.&nbsp;<\/p>\n","protected":false},"author":69,"featured_media":0,"comment_status":"closed","ping_status":"open","sticky":false,"template":"","format":"standard","meta":{"footnotes":""},"categories":[5],"tags":[],"class_list":["post-900","post","type-post","status-publish","format-standard","hentry","category-nouvelles"],"_links":{"self":[{"href":"https:\/\/sites.ac-corse.fr\/carrefourlangues\/wp-json\/wp\/v2\/posts\/900","targetHints":{"allow":["GET"]}}],"collection":[{"href":"https:\/\/sites.ac-corse.fr\/carrefourlangues\/wp-json\/wp\/v2\/posts"}],"about":[{"href":"https:\/\/sites.ac-corse.fr\/carrefourlangues\/wp-json\/wp\/v2\/types\/post"}],"author":[{"embeddable":true,"href":"https:\/\/sites.ac-corse.fr\/carrefourlangues\/wp-json\/wp\/v2\/users\/69"}],"replies":[{"embeddable":true,"href":"https:\/\/sites.ac-corse.fr\/carrefourlangues\/wp-json\/wp\/v2\/comments?post=900"}],"version-history":[{"count":2,"href":"https:\/\/sites.ac-corse.fr\/carrefourlangues\/wp-json\/wp\/v2\/posts\/900\/revisions"}],"predecessor-version":[{"id":904,"href":"https:\/\/sites.ac-corse.fr\/carrefourlangues\/wp-json\/wp\/v2\/posts\/900\/revisions\/904"}],"wp:attachment":[{"href":"https:\/\/sites.ac-corse.fr\/carrefourlangues\/wp-json\/wp\/v2\/media?parent=900"}],"wp:term":[{"taxonomy":"category","embeddable":true,"href":"https:\/\/sites.ac-corse.fr\/carrefourlangues\/wp-json\/wp\/v2\/categories?post=900"},{"taxonomy":"post_tag","embeddable":true,"href":"https:\/\/sites.ac-corse.fr\/carrefourlangues\/wp-json\/wp\/v2\/tags?post=900"}],"curies":[{"name":"wp","href":"https:\/\/api.w.org\/{rel}","templated":true}]}}