{"id":1056,"date":"2024-11-18T09:01:52","date_gmt":"2024-11-18T08:01:52","guid":{"rendered":"https:\/\/sites.ac-corse.fr\/daac\/?p=1056"},"modified":"2025-01-07T15:31:09","modified_gmt":"2025-01-07T14:31:09","slug":"le-lycee-laetitia-bonaparte-abrite-une-exposition-dediee-au-chateau-de-la-punta","status":"publish","type":"post","link":"https:\/\/sites.ac-corse.fr\/daac\/2024\/11\/18\/le-lycee-laetitia-bonaparte-abrite-une-exposition-dediee-au-chateau-de-la-punta\/","title":{"rendered":"Le lyc\u00e9e Laetitia Bonaparte abrite une exposition d\u00e9di\u00e9e au Ch\u00e2teau de la Punta"},"content":{"rendered":"\n<p>L&rsquo;ouverture de la galerie qui accueille l&rsquo;exposition a eu lieu de 12 novembre 2024. Elle se tiendra jusqu&rsquo;au 14 f\u00e9vrier 2025.<\/p>\n\n\n\n<p>Cette exposition met en avant la restauration du ch\u00e2teau construit en 1891 par le Duc J\u00e9r\u00f4me Pozzo Di Borgo apr\u00e8s l&rsquo;acquisition d&rsquo;\u00e9l\u00e9ments architecturaux issus du pavillon des Tuileries command\u00e9 en 1564 par Catherine de M\u00e9dicis \u00e0 l&rsquo;architecte Jean Bullant.<\/p>\n\n\n\n<figure class=\"wp-block-image size-full\"><img loading=\"lazy\" decoding=\"async\" width=\"394\" height=\"128\" src=\"https:\/\/sites.ac-corse.fr\/daac\/wp-content\/uploads\/sites\/33\/2024\/11\/Punta.jpeg\" alt=\"\" class=\"wp-image-1059\"\/><\/figure>\n\n\n\n<p>Elle est accompagn\u00e9e de quelques oeuvres de l&rsquo;artiste Agn\u00e8s Accorsi.<\/p>\n\n\n\n<p>Les \u00e9l\u00e8ves de la classe de 2de du lyc\u00e9e Laetitia Bonaparte, d\u00e9di\u00e9e \u00e0 la d\u00e9couverte des m\u00e9tiers du Patrimoine, seront associ\u00e9s \u00e0 la pr\u00e9sentation de cette exposition.<\/p>\n\n\n\n<p>Ouverte aux autres \u00e9tablissements de la ville et de ses environs (primaire et secondaire) elle permettra aux \u00e9l\u00e8ves de d\u00e9couvrir une partie de leur patrimoine.<\/p>\n\n\n\n<p>Pour toute information, pri\u00e8re de contacter mesdames D&rsquo;Orazio et Quilici au CDI du lyc\u00e9e. (cdi.lyc.laetitia@ac-corse.fr ou par t\u00e9l\u00e9phone au 04 95 29 68 61)<\/p>\n","protected":false},"excerpt":{"rendered":"<p>L&rsquo;ouverture de la galerie qui accueille l&rsquo;exposition a eu lieu de 12 novembre 2024. Elle se tiendra jusqu&rsquo;au 14 f\u00e9vrier 2025. Cette exposition met en avant la restauration du ch\u00e2teau construit en 1891 par le Duc J\u00e9r\u00f4me Pozzo Di Borgo apr\u00e8s l&rsquo;acquisition d&rsquo;\u00e9l\u00e9ments architecturaux issus du pavillon des Tuileries command\u00e9 en 1564 par Catherine de [&hellip;]<\/p>\n","protected":false},"author":103,"featured_media":1057,"comment_status":"closed","ping_status":"closed","sticky":false,"template":"","format":"standard","meta":{"footnotes":""},"categories":[9,2],"tags":[],"class_list":["post-1056","post","type-post","status-publish","format-standard","has-post-thumbnail","hentry","category-actualite-de-la-daac","category-la-daac"],"_links":{"self":[{"href":"https:\/\/sites.ac-corse.fr\/daac\/wp-json\/wp\/v2\/posts\/1056","targetHints":{"allow":["GET"]}}],"collection":[{"href":"https:\/\/sites.ac-corse.fr\/daac\/wp-json\/wp\/v2\/posts"}],"about":[{"href":"https:\/\/sites.ac-corse.fr\/daac\/wp-json\/wp\/v2\/types\/post"}],"author":[{"embeddable":true,"href":"https:\/\/sites.ac-corse.fr\/daac\/wp-json\/wp\/v2\/users\/103"}],"replies":[{"embeddable":true,"href":"https:\/\/sites.ac-corse.fr\/daac\/wp-json\/wp\/v2\/comments?post=1056"}],"version-history":[{"count":4,"href":"https:\/\/sites.ac-corse.fr\/daac\/wp-json\/wp\/v2\/posts\/1056\/revisions"}],"predecessor-version":[{"id":1063,"href":"https:\/\/sites.ac-corse.fr\/daac\/wp-json\/wp\/v2\/posts\/1056\/revisions\/1063"}],"wp:featuredmedia":[{"embeddable":true,"href":"https:\/\/sites.ac-corse.fr\/daac\/wp-json\/wp\/v2\/media\/1057"}],"wp:attachment":[{"href":"https:\/\/sites.ac-corse.fr\/daac\/wp-json\/wp\/v2\/media?parent=1056"}],"wp:term":[{"taxonomy":"category","embeddable":true,"href":"https:\/\/sites.ac-corse.fr\/daac\/wp-json\/wp\/v2\/categories?post=1056"},{"taxonomy":"post_tag","embeddable":true,"href":"https:\/\/sites.ac-corse.fr\/daac\/wp-json\/wp\/v2\/tags?post=1056"}],"curies":[{"name":"wp","href":"https:\/\/api.w.org\/{rel}","templated":true}]}}