{"id":1069,"date":"2024-11-29T18:02:44","date_gmt":"2024-11-29T17:02:44","guid":{"rendered":"https:\/\/sites.ac-corse.fr\/daac\/?p=1069"},"modified":"2024-11-30T15:31:45","modified_gmt":"2024-11-30T14:31:45","slug":"commemoration-du-tri-centenaire-de-la-naissance-de-pascal-paoli-a-carta-paolina","status":"publish","type":"post","link":"https:\/\/sites.ac-corse.fr\/daac\/2024\/11\/29\/commemoration-du-tri-centenaire-de-la-naissance-de-pascal-paoli-a-carta-paolina\/","title":{"rendered":"Comm\u00e9moration du tricentenaire de la naissance de Pascal Paoli : A CARTA PAOLINA"},"content":{"rendered":"\n<p>Pour comm\u00e9morer le<strong>\u00a0tricentenaire de la naissance de Pascal Paoli,<\/strong>\u00a0l&rsquo;acad\u00e9mie de Corse invite chaque \u00e9tablissement scolaire \u00e0 s&rsquo;engager dans des actions destin\u00e9es \u00e0 c\u00e9l\u00e9brer sa m\u00e9moire.<\/p>\n\n\n\n<p class=\"has-colibri-color-1-background-color has-background has-medium-font-size\">Vous allez pouvoir contribuer \u00e0 une oeuvre collaborative&nbsp;: <strong>A CARTA PAOLINA<\/strong>, carte num\u00e9rique interactive de la Corse destin\u00e9e \u00e0<strong>&nbsp;<\/strong>recenser les traces significatives de l&rsquo;oeuvre et de la destin\u00e9e de Pascal Paoli. <\/p>\n\n\n\n<p>Il s&rsquo;agit, pour les participants, de faire conna\u00eetre un lien existant entre l&rsquo;environnement proche de votre \u00e9tablissement, au sein de votre micro-r\u00e9gion, et Pascal Paoli. (par exemple un lieu particulier, une action, un \u00e9l\u00e9ment du patrimoine, un monument, un personnage de votre micro r\u00e9gion \u00e9troitement li\u00e9 \u00e0 celui-ci, etc.)<\/p>\n\n\n\n<p>Vous trouverez toutes les modalit\u00e9s de cette action ci-dessous.<\/p>\n\n\n\n<div data-wp-interactive=\"core\/file\" class=\"wp-block-file\"><object data-wp-bind--hidden=\"!state.hasPdfPreview\" hidden class=\"wp-block-file__embed\" data=\"https:\/\/sites.ac-corse.fr\/daac\/wp-content\/uploads\/sites\/33\/2024\/11\/CARTA-PAOLINA-cummemurazione-paoli-2025.pdf\" type=\"application\/pdf\" style=\"width:100%;height:600px\" aria-label=\"Contenu embarqu\u00e9 CARTA PAOLINA- cummemurazione paoli 2025.\"><\/object><a id=\"wp-block-file--media-f2763524-9623-4d17-b7bb-c823d5a0000a\" href=\"https:\/\/sites.ac-corse.fr\/daac\/wp-content\/uploads\/sites\/33\/2024\/11\/CARTA-PAOLINA-cummemurazione-paoli-2025.pdf\">CARTA PAOLINA- cummemurazione paoli 2025<\/a><a href=\"https:\/\/sites.ac-corse.fr\/daac\/wp-content\/uploads\/sites\/33\/2024\/11\/CARTA-PAOLINA-cummemurazione-paoli-2025.pdf\" class=\"wp-block-file__button wp-element-button\" download aria-describedby=\"wp-block-file--media-f2763524-9623-4d17-b7bb-c823d5a0000a\">T\u00e9l\u00e9charger<\/a><\/div>\n","protected":false},"excerpt":{"rendered":"<p>Pour comm\u00e9morer le\u00a0tricentenaire de la naissance de Pascal Paoli,\u00a0l&rsquo;acad\u00e9mie de Corse invite chaque \u00e9tablissement scolaire \u00e0 s&rsquo;engager dans des actions destin\u00e9es \u00e0 c\u00e9l\u00e9brer sa m\u00e9moire. Vous allez pouvoir contribuer \u00e0 une oeuvre collaborative&nbsp;: A CARTA PAOLINA, carte num\u00e9rique interactive de la Corse destin\u00e9e \u00e0&nbsp;recenser les traces significatives de l&rsquo;oeuvre et de la destin\u00e9e de Pascal [&hellip;]<\/p>\n","protected":false},"author":103,"featured_media":1070,"comment_status":"closed","ping_status":"closed","sticky":false,"template":"","format":"standard","meta":{"footnotes":""},"categories":[9,1],"tags":[25,23],"class_list":["post-1069","post","type-post","status-publish","format-standard","has-post-thumbnail","hentry","category-actualite-de-la-daac","category-non-classe","tag-carta-paolina","tag-commemoration-pascal-paoli"],"_links":{"self":[{"href":"https:\/\/sites.ac-corse.fr\/daac\/wp-json\/wp\/v2\/posts\/1069","targetHints":{"allow":["GET"]}}],"collection":[{"href":"https:\/\/sites.ac-corse.fr\/daac\/wp-json\/wp\/v2\/posts"}],"about":[{"href":"https:\/\/sites.ac-corse.fr\/daac\/wp-json\/wp\/v2\/types\/post"}],"author":[{"embeddable":true,"href":"https:\/\/sites.ac-corse.fr\/daac\/wp-json\/wp\/v2\/users\/103"}],"replies":[{"embeddable":true,"href":"https:\/\/sites.ac-corse.fr\/daac\/wp-json\/wp\/v2\/comments?post=1069"}],"version-history":[{"count":6,"href":"https:\/\/sites.ac-corse.fr\/daac\/wp-json\/wp\/v2\/posts\/1069\/revisions"}],"predecessor-version":[{"id":1083,"href":"https:\/\/sites.ac-corse.fr\/daac\/wp-json\/wp\/v2\/posts\/1069\/revisions\/1083"}],"wp:featuredmedia":[{"embeddable":true,"href":"https:\/\/sites.ac-corse.fr\/daac\/wp-json\/wp\/v2\/media\/1070"}],"wp:attachment":[{"href":"https:\/\/sites.ac-corse.fr\/daac\/wp-json\/wp\/v2\/media?parent=1069"}],"wp:term":[{"taxonomy":"category","embeddable":true,"href":"https:\/\/sites.ac-corse.fr\/daac\/wp-json\/wp\/v2\/categories?post=1069"},{"taxonomy":"post_tag","embeddable":true,"href":"https:\/\/sites.ac-corse.fr\/daac\/wp-json\/wp\/v2\/tags?post=1069"}],"curies":[{"name":"wp","href":"https:\/\/api.w.org\/{rel}","templated":true}]}}