{"id":1084,"date":"2024-11-30T12:35:19","date_gmt":"2024-11-30T11:35:19","guid":{"rendered":"https:\/\/sites.ac-corse.fr\/daac\/?p=1084"},"modified":"2024-12-02T11:43:01","modified_gmt":"2024-12-02T10:43:01","slug":"le-25-novembre-2024-journee-de-prevention-contre-les-violences-faites-aux-femmes-au-lycee-laetitia-bonaparte","status":"publish","type":"post","link":"https:\/\/sites.ac-corse.fr\/daac\/2024\/11\/30\/le-25-novembre-2024-journee-de-prevention-contre-les-violences-faites-aux-femmes-au-lycee-laetitia-bonaparte\/","title":{"rendered":"JOURN\u00c9E DE PR\u00c9VENTION CONTRE LES VIOLENCES FAITES AUX FEMMES AU LYC\u00c9E LAETITIA BONAPARTE"},"content":{"rendered":"\n<p class=\"has-text-align-center has-background has-medium-font-size\" style=\"background:radial-gradient(rgb(254,205,165) 0%,rgb(254,45,45) 50%,rgb(107,0,62) 100%)\">Le 25 novembre 2024 a eu lieu la journ\u00e9e de pr\u00e9vention contre les violences faites aux femmes. <\/p>\n\n\n\n<p class=\"has-text-align-center\"><strong>A cette occasion, le lyc\u00e9e Laetitia Bonaparte a \u00e9t\u00e9 le cadre de diff\u00e9rentes manifestations.<\/strong><\/p>\n\n\n\n<div data-wp-interactive=\"core\/file\" class=\"wp-block-file\"><object data-wp-bind--hidden=\"!state.hasPdfPreview\" hidden class=\"wp-block-file__embed\" data=\"https:\/\/sites.ac-corse.fr\/daac\/wp-content\/uploads\/sites\/33\/2024\/11\/VIOLENCES-FAITES-AUX-FEMMES-2.pdf\" type=\"application\/pdf\" style=\"width:100%;height:600px\" aria-label=\"Contenu embarqu\u00e9 VIOLENCES FAITES AUX FEMMES.\"><\/object><a id=\"wp-block-file--media-b31d1b84-c25e-4431-96d1-37396e224c6c\" href=\"https:\/\/sites.ac-corse.fr\/daac\/wp-content\/uploads\/sites\/33\/2024\/11\/VIOLENCES-FAITES-AUX-FEMMES-2.pdf\">VIOLENCES FAITES AUX FEMMES<\/a><a href=\"https:\/\/sites.ac-corse.fr\/daac\/wp-content\/uploads\/sites\/33\/2024\/11\/VIOLENCES-FAITES-AUX-FEMMES-2.pdf\" class=\"wp-block-file__button wp-element-button\" download aria-describedby=\"wp-block-file--media-b31d1b84-c25e-4431-96d1-37396e224c6c\">T\u00e9l\u00e9charger<\/a><\/div>\n","protected":false},"excerpt":{"rendered":"<p>Le 25 novembre 2024 a eu lieu la journ\u00e9e de pr\u00e9vention contre les violences faites aux femmes. A cette occasion, le lyc\u00e9e Laetitia Bonaparte a \u00e9t\u00e9 le cadre de diff\u00e9rentes manifestations.<\/p>\n","protected":false},"author":103,"featured_media":1088,"comment_status":"closed","ping_status":"closed","sticky":true,"template":"","format":"standard","meta":{"footnotes":""},"categories":[4],"tags":[21,22,20],"class_list":["post-1084","post","type-post","status-publish","format-standard","has-post-thumbnail","hentry","category-on-vous-inspire","tag-femmes","tag-lycee-laetitia","tag-violences"],"_links":{"self":[{"href":"https:\/\/sites.ac-corse.fr\/daac\/wp-json\/wp\/v2\/posts\/1084","targetHints":{"allow":["GET"]}}],"collection":[{"href":"https:\/\/sites.ac-corse.fr\/daac\/wp-json\/wp\/v2\/posts"}],"about":[{"href":"https:\/\/sites.ac-corse.fr\/daac\/wp-json\/wp\/v2\/types\/post"}],"author":[{"embeddable":true,"href":"https:\/\/sites.ac-corse.fr\/daac\/wp-json\/wp\/v2\/users\/103"}],"replies":[{"embeddable":true,"href":"https:\/\/sites.ac-corse.fr\/daac\/wp-json\/wp\/v2\/comments?post=1084"}],"version-history":[{"count":8,"href":"https:\/\/sites.ac-corse.fr\/daac\/wp-json\/wp\/v2\/posts\/1084\/revisions"}],"predecessor-version":[{"id":1098,"href":"https:\/\/sites.ac-corse.fr\/daac\/wp-json\/wp\/v2\/posts\/1084\/revisions\/1098"}],"wp:featuredmedia":[{"embeddable":true,"href":"https:\/\/sites.ac-corse.fr\/daac\/wp-json\/wp\/v2\/media\/1088"}],"wp:attachment":[{"href":"https:\/\/sites.ac-corse.fr\/daac\/wp-json\/wp\/v2\/media?parent=1084"}],"wp:term":[{"taxonomy":"category","embeddable":true,"href":"https:\/\/sites.ac-corse.fr\/daac\/wp-json\/wp\/v2\/categories?post=1084"},{"taxonomy":"post_tag","embeddable":true,"href":"https:\/\/sites.ac-corse.fr\/daac\/wp-json\/wp\/v2\/tags?post=1084"}],"curies":[{"name":"wp","href":"https:\/\/api.w.org\/{rel}","templated":true}]}}