{"id":1178,"date":"2025-02-06T12:08:29","date_gmt":"2025-02-06T11:08:29","guid":{"rendered":"https:\/\/sites.ac-corse.fr\/daac\/?p=1178"},"modified":"2026-01-16T15:21:33","modified_gmt":"2026-01-16T14:21:33","slug":"printemps-des-poetes-appel-a-textes","status":"publish","type":"post","link":"https:\/\/sites.ac-corse.fr\/daac\/2025\/02\/06\/printemps-des-poetes-appel-a-textes\/","title":{"rendered":"PRINTEMPS DES PO\u00c8TES &#8211; APPEL \u00c0 TEXTES"},"content":{"rendered":"\n<p class=\"has-colibri-color-6-color has-text-color has-link-color has-medium-font-size wp-elements-ce9d4b218e292b13fbac09c453e016b3\">\u00c0 l&rsquo;occasion du Printemps des Po\u00e8tes, A CASA DI A PUISIA organise un concours de po\u00e8mes sur le th\u00e8me de l&rsquo;ann\u00e9e : VOLCANIQUE<\/p>\n\n\n\n<div data-wp-interactive=\"core\/file\" class=\"wp-block-file\"><object data-wp-bind--hidden=\"!state.hasPdfPreview\" hidden class=\"wp-block-file__embed\" data=\"https:\/\/sites.ac-corse.fr\/daac\/wp-content\/uploads\/sites\/33\/2025\/02\/APPEL-A-TEXTES-2025-Volcanique-1.pdf\" type=\"application\/pdf\" style=\"width:100%;height:600px\" aria-label=\"Contenu embarqu\u00e9 APPEL \u00c0 TEXTES 2025 Volcanique.\"><\/object><a id=\"wp-block-file--media-d2dd846a-05d0-4788-8e4f-04ddeab56018\" href=\"https:\/\/sites.ac-corse.fr\/daac\/wp-content\/uploads\/sites\/33\/2025\/02\/APPEL-A-TEXTES-2025-Volcanique-1.pdf\">APPEL \u00c0 TEXTES 2025 Volcanique<\/a><a href=\"https:\/\/sites.ac-corse.fr\/daac\/wp-content\/uploads\/sites\/33\/2025\/02\/APPEL-A-TEXTES-2025-Volcanique-1.pdf\" class=\"wp-block-file__button wp-element-button\" download aria-describedby=\"wp-block-file--media-d2dd846a-05d0-4788-8e4f-04ddeab56018\">T\u00e9l\u00e9charger<\/a><\/div>\n\n\n\n<p>Envoyez vos textes, en langue corse ou fran\u00e7aise, jusqu&rsquo;au 1er mars 2025 \u00e0 l&rsquo;adresse casadiapuisia@laposte.net<\/p>\n\n\n\n<p>Les textes signal\u00e9s par les membres du jury feront l&rsquo;objet d&rsquo;une \u00e9dition dans un recueil collectif.<\/p>\n\n\n\n<p>Le vainqueur se verra remettre un prix sous la forme d&rsquo;une&nbsp;\u0153uvre d&rsquo;art, lors d&rsquo;une c\u00e9r\u00e9monie&nbsp;organis\u00e9e par&nbsp;<strong>A Casa di a Puisia<\/strong>.<\/p>\n\n\n\n<p>T\u00e9l\u00e9chargez le r\u00e8glement ci-dessous<\/p>\n\n\n\n<div data-wp-interactive=\"core\/file\" class=\"wp-block-file\"><object data-wp-bind--hidden=\"!state.hasPdfPreview\" hidden class=\"wp-block-file__embed\" data=\"https:\/\/sites.ac-corse.fr\/daac\/wp-content\/uploads\/sites\/33\/2025\/02\/Regl-appel-a-textes-2025.pdf\" type=\"application\/pdf\" style=\"width:100%;height:600px\" aria-label=\"Contenu embarqu\u00e9 _R\u00e8gl appel \u00e0 textes 2025.\"><\/object><a id=\"wp-block-file--media-8e669ab4-305f-4be8-89e3-d2024620841e\" href=\"https:\/\/sites.ac-corse.fr\/daac\/wp-content\/uploads\/sites\/33\/2025\/02\/Regl-appel-a-textes-2025.pdf\">_R\u00e8gl appel \u00e0 textes 2025<\/a><a href=\"https:\/\/sites.ac-corse.fr\/daac\/wp-content\/uploads\/sites\/33\/2025\/02\/Regl-appel-a-textes-2025.pdf\" class=\"wp-block-file__button wp-element-button\" download aria-describedby=\"wp-block-file--media-8e669ab4-305f-4be8-89e3-d2024620841e\">T\u00e9l\u00e9charger<\/a><\/div>\n\n\n\n<p>Pour ceux d&rsquo;entre vous qui s&rsquo;exprime en langue corse, n&rsquo;oubliez surtout pas que la po\u00e9sie insulaire ne saurait rester \u00e0 l&rsquo;\u00e9cart de ce grand mouvement et que ce n&rsquo;est trahir personne que de jouer la carte de l&rsquo;innovation, de la surprise et de la transgression ! La po\u00e9sie de notre \u00eele, depuis le Riacquistu a d\u00e9j\u00e0 bel et bien assimil\u00e9 la r\u00e9volution surr\u00e9aliste et il faut en tenir compte au risque de demeurer dans le glacis des formes surann\u00e9es.<br>N&rsquo;oubliez pas \u00e9galement de joindre une traduction en langue fran\u00e7aise de votre texte car, contrairement \u00e0 ce que certains professent, les traductions aident \u00e0 faire voyager les po\u00e8mes, \u00e0 les rendre accessibles au plus grand nombre&#8230;Les textes les plus connus sont aussi les plus traduits dans le monde et la vocation du po\u00e8me est de sortir du cadre toujours \u00e9troit qui l&rsquo;a vu na\u00eetre afin de s&rsquo;adresser \u00e0 toute l&rsquo;humanit\u00e9.<\/p>\n","protected":false},"excerpt":{"rendered":"<p>\u00c0 l&rsquo;occasion du Printemps des Po\u00e8tes, A CASA DI A PUISIA organise un concours de po\u00e8mes sur le th\u00e8me de l&rsquo;ann\u00e9e : VOLCANIQUE Envoyez vos textes, en langue corse ou fran\u00e7aise, jusqu&rsquo;au 1er mars 2025 \u00e0 l&rsquo;adresse casadiapuisia@laposte.net Les textes signal\u00e9s par les membres du jury feront l&rsquo;objet d&rsquo;une \u00e9dition dans un recueil collectif. Le [&hellip;]<\/p>\n","protected":false},"author":103,"featured_media":1183,"comment_status":"closed","ping_status":"closed","sticky":false,"template":"","format":"standard","meta":{"footnotes":""},"categories":[13,1],"tags":[37,36],"class_list":["post-1178","post","type-post","status-publish","format-standard","has-post-thumbnail","hentry","category-livre-lecture-et-ecriture","category-non-classe","tag-concours-de-poesie","tag-printemps-des-poetes"],"_links":{"self":[{"href":"https:\/\/sites.ac-corse.fr\/daac\/wp-json\/wp\/v2\/posts\/1178","targetHints":{"allow":["GET"]}}],"collection":[{"href":"https:\/\/sites.ac-corse.fr\/daac\/wp-json\/wp\/v2\/posts"}],"about":[{"href":"https:\/\/sites.ac-corse.fr\/daac\/wp-json\/wp\/v2\/types\/post"}],"author":[{"embeddable":true,"href":"https:\/\/sites.ac-corse.fr\/daac\/wp-json\/wp\/v2\/users\/103"}],"replies":[{"embeddable":true,"href":"https:\/\/sites.ac-corse.fr\/daac\/wp-json\/wp\/v2\/comments?post=1178"}],"version-history":[{"count":5,"href":"https:\/\/sites.ac-corse.fr\/daac\/wp-json\/wp\/v2\/posts\/1178\/revisions"}],"predecessor-version":[{"id":1189,"href":"https:\/\/sites.ac-corse.fr\/daac\/wp-json\/wp\/v2\/posts\/1178\/revisions\/1189"}],"wp:featuredmedia":[{"embeddable":true,"href":"https:\/\/sites.ac-corse.fr\/daac\/wp-json\/wp\/v2\/media\/1183"}],"wp:attachment":[{"href":"https:\/\/sites.ac-corse.fr\/daac\/wp-json\/wp\/v2\/media?parent=1178"}],"wp:term":[{"taxonomy":"category","embeddable":true,"href":"https:\/\/sites.ac-corse.fr\/daac\/wp-json\/wp\/v2\/categories?post=1178"},{"taxonomy":"post_tag","embeddable":true,"href":"https:\/\/sites.ac-corse.fr\/daac\/wp-json\/wp\/v2\/tags?post=1178"}],"curies":[{"name":"wp","href":"https:\/\/api.w.org\/{rel}","templated":true}]}}