{"id":1219,"date":"2025-03-26T10:19:20","date_gmt":"2025-03-26T09:19:20","guid":{"rendered":"https:\/\/sites.ac-corse.fr\/daac\/?p=1219"},"modified":"2026-01-16T15:19:29","modified_gmt":"2026-01-16T14:19:29","slug":"la-grande-lessive","status":"publish","type":"post","link":"https:\/\/sites.ac-corse.fr\/daac\/2025\/03\/26\/la-grande-lessive\/","title":{"rendered":"La Grande Lessive"},"content":{"rendered":"\n<p class=\"has-colibri-color-1-color has-text-color has-link-color wp-elements-12273182a2b4ce4c08bf5b07245bf5d6\"><strong>Le coll\u00e8ge de Baleone et l&rsquo;\u00e9cole \u00e9l\u00e9mentaire de Mezzana<\/strong> engag\u00e9s ensemble dans la Grande Lessive.<\/p>\n\n\n\n<p>Bravo aux artistes en herbe et aux enseignantes impliqu\u00e9es dans cette exposition \u00e0 ciel ouvert qui s&rsquo;est d\u00e9roul\u00e9e sur la place No\u00ebl Sarrola !<\/p>\n\n\n\n<div data-wp-interactive=\"core\/file\" class=\"wp-block-file\"><object data-wp-bind--hidden=\"!state.hasPdfPreview\" hidden class=\"wp-block-file__embed\" data=\"https:\/\/sites.ac-corse.fr\/daac\/wp-content\/uploads\/sites\/33\/2025\/03\/La-Grande-lessive-du-20-mars-2025-1.pdf\" type=\"application\/pdf\" style=\"width:100%;height:600px\" aria-label=\"Contenu embarqu\u00e9 La Grande lessive du 20 mars 2025.\"><\/object><a id=\"wp-block-file--media-19b1db3f-3e42-41a4-851a-b0baeba4d726\" href=\"https:\/\/sites.ac-corse.fr\/daac\/wp-content\/uploads\/sites\/33\/2025\/03\/La-Grande-lessive-du-20-mars-2025-1.pdf\">La Grande lessive du 20 mars 2025<\/a><a href=\"https:\/\/sites.ac-corse.fr\/daac\/wp-content\/uploads\/sites\/33\/2025\/03\/La-Grande-lessive-du-20-mars-2025-1.pdf\" class=\"wp-block-file__button wp-element-button\" download aria-describedby=\"wp-block-file--media-19b1db3f-3e42-41a4-851a-b0baeba4d726\">T\u00e9l\u00e9charger<\/a><\/div>\n","protected":false},"excerpt":{"rendered":"<p>Le coll\u00e8ge de Baleone et l&rsquo;\u00e9cole \u00e9l\u00e9mentaire de Mezzana engag\u00e9s ensemble dans la Grande Lessive. Bravo aux artistes en herbe et aux enseignantes impliqu\u00e9es dans cette exposition \u00e0 ciel ouvert qui s&rsquo;est d\u00e9roul\u00e9e sur la place No\u00ebl Sarrola !<\/p>\n","protected":false},"author":103,"featured_media":1227,"comment_status":"closed","ping_status":"closed","sticky":false,"template":"","format":"standard","meta":{"footnotes":""},"categories":[1,4],"tags":[40,41,42],"class_list":["post-1219","post","type-post","status-publish","format-standard","has-post-thumbnail","hentry","category-non-classe","category-on-vous-inspire","tag-arts-plastiques","tag-college-baleone","tag-la-grande-lessive"],"_links":{"self":[{"href":"https:\/\/sites.ac-corse.fr\/daac\/wp-json\/wp\/v2\/posts\/1219","targetHints":{"allow":["GET"]}}],"collection":[{"href":"https:\/\/sites.ac-corse.fr\/daac\/wp-json\/wp\/v2\/posts"}],"about":[{"href":"https:\/\/sites.ac-corse.fr\/daac\/wp-json\/wp\/v2\/types\/post"}],"author":[{"embeddable":true,"href":"https:\/\/sites.ac-corse.fr\/daac\/wp-json\/wp\/v2\/users\/103"}],"replies":[{"embeddable":true,"href":"https:\/\/sites.ac-corse.fr\/daac\/wp-json\/wp\/v2\/comments?post=1219"}],"version-history":[{"count":5,"href":"https:\/\/sites.ac-corse.fr\/daac\/wp-json\/wp\/v2\/posts\/1219\/revisions"}],"predecessor-version":[{"id":1231,"href":"https:\/\/sites.ac-corse.fr\/daac\/wp-json\/wp\/v2\/posts\/1219\/revisions\/1231"}],"wp:featuredmedia":[{"embeddable":true,"href":"https:\/\/sites.ac-corse.fr\/daac\/wp-json\/wp\/v2\/media\/1227"}],"wp:attachment":[{"href":"https:\/\/sites.ac-corse.fr\/daac\/wp-json\/wp\/v2\/media?parent=1219"}],"wp:term":[{"taxonomy":"category","embeddable":true,"href":"https:\/\/sites.ac-corse.fr\/daac\/wp-json\/wp\/v2\/categories?post=1219"},{"taxonomy":"post_tag","embeddable":true,"href":"https:\/\/sites.ac-corse.fr\/daac\/wp-json\/wp\/v2\/tags?post=1219"}],"curies":[{"name":"wp","href":"https:\/\/api.w.org\/{rel}","templated":true}]}}