{"id":1233,"date":"2025-05-09T17:30:38","date_gmt":"2025-05-09T15:30:38","guid":{"rendered":"https:\/\/sites.ac-corse.fr\/daac\/?p=1233"},"modified":"2026-01-16T15:20:42","modified_gmt":"2026-01-16T14:20:42","slug":"les-culottees-du-college-henri-tomasi","status":"publish","type":"post","link":"https:\/\/sites.ac-corse.fr\/daac\/2025\/05\/09\/les-culottees-du-college-henri-tomasi\/","title":{"rendered":"\u00ab\u00a0Les culott\u00e9es\u00a0\u00bb du coll\u00e8ge Henri Tomasi"},"content":{"rendered":"\n<p class=\"has-medium-font-size\">Depuis 4 ans, l&rsquo;atelier \u00ab\u00a0Les Culott\u00e9es\u00a0\u00bb met en lumi\u00e8re des femmes souvent m\u00e9connues dont le parcours et les actes m\u00e9ritent une reconnaissance. <\/p>\n\n\n\n<p class=\"has-medium-font-size\">Cette ann\u00e9e, les 18 \u00e9l\u00e8ves de l&rsquo;atelier \u00ab\u00a0Les Culott\u00e9es\u00a0\u00bb, pilot\u00e9 par les professeures Emilie Agati et Julie Buanec, ont d\u00e9cid\u00e9 de retracer des lign\u00e9es en mettant en parall\u00e8le les femmes d&rsquo;hier et d&rsquo;aujourd&rsquo;hui dont les chemins se rejoignent, se compl\u00e8tent, se poursuivent.<\/p>\n\n\n\n<p class=\"has-medium-font-size\">14 femmes d&rsquo;exception, connues et reconnues dans leurs domaines respectifs, ont suivi l&rsquo;atelier dans ce projet. Les \u00e9l\u00e8ves du coll\u00e8ge HENRI TOMASI les ont rencontr\u00e9es, leur ont consacr\u00e9 un magazine ainsi qu&rsquo;une exposition qu&rsquo;ils ont pilot\u00e9e pour le plus grand plaisir des visiteurs qui ont pu d\u00e9couvrir :<\/p>\n\n\n\n<p class=\"has-medium-font-size\">M\u00c9LINE ROLLIN, athl\u00e8te fran\u00e7aise ayant particip\u00e9 aux JO de Paris.<\/p>\n\n\n\n<p class=\"has-medium-font-size\">ALEXIA CASSAR, tatoueuse sp\u00e9cialis\u00e9e dans le tatouage th\u00e9rapeutique suite \u00e0 une mastectomie.<\/p>\n\n\n\n<p class=\"has-medium-font-size\">DOROTH\u00c9E OLLIERIC, grand reporter et journaliste de guerre de France 2.<\/p>\n\n\n\n<p class=\"has-medium-font-size\">DOROTH\u00c9E DERIEUX, conservatrice et chef du patrimoine de Paris et charg\u00e9e des fouilles dans Notre Dame de Paris lors de sa reconstruction.<\/p>\n\n\n\n<p class=\"has-medium-font-size\">LE CAPITAINE BERENICE, Pilote d&rsquo;h\u00e9licopt\u00e8re dans l&rsquo;Arm\u00e9e de l&rsquo;Air et de l&rsquo;Espace.<\/p>\n\n\n\n<p class=\"has-medium-font-size\">MARIE ANTOINETTE MAUPERTUIS, Pr\u00e9sidente de l&rsquo;Assembl\u00e9e de Corse.<\/p>\n\n\n\n<p class=\"has-medium-font-size\">HALIMA KERDJOUJ, chercheuse en biologie, sp\u00e9cialis\u00e9e dans les biotechnologies r\u00e9paratrices.&nbsp;<\/p>\n\n\n\n<p class=\"has-medium-font-size\">LAURE SAINT RAYMOND, math\u00e9maticienne ayant re\u00e7u de nombreux prix pour ses travaux, membre de l&rsquo;Acad\u00e9mie des Sciences.<\/p>\n\n\n\n<p class=\"has-medium-font-size\">LAURENCE BROZE, math\u00e9maticienne et ancienne pr\u00e9sidente de l&rsquo;association Femmes et math\u00e9matiques.<\/p>\n\n\n\n<p class=\"has-medium-font-size\">MELANIE GUENAIS, math\u00e9maticienne, vice-pr\u00e9sidente de la Soci\u00e9t\u00e9 Math\u00e9matique de France.<\/p>\n\n\n\n<p class=\"has-medium-font-size\">HEIDI SEVESTRE, glaciologue, sp\u00e9cialiste reconnue des glaciers face au r\u00e9chauffement climatique.<\/p>\n\n\n\n<p class=\"has-medium-font-size\">MERCEDES ERRA, femme d&rsquo;affaires, fondatrice et pr\u00e9sidente de BETC Groupe, \u00e9lue entreprise la plus cr\u00e9ative du monde en 2024.<\/p>\n\n\n\n<p class=\"has-medium-font-size\">DIBA AKBARI, journaliste afghane qui a fui son pays \u00e0 l&rsquo;arriv\u00e9e des talibans.<\/p>\n\n\n\n<p class=\"has-medium-font-size\">ANNE BOUILLON, \u00e9lue 3\u00e8me avocat le plus influent de France en 2019, sp\u00e9cialis\u00e9e dans les droits des femmes.<\/p>\n\n\n\n<div data-wp-interactive=\"core\/file\" class=\"wp-block-file\"><object data-wp-bind--hidden=\"!state.hasPdfPreview\" hidden class=\"wp-block-file__embed\" data=\"https:\/\/sites.ac-corse.fr\/daac\/wp-content\/uploads\/sites\/33\/2025\/05\/LES-CULOTTEES.pdf\" type=\"application\/pdf\" style=\"width:100%;height:600px\" aria-label=\"Contenu embarqu\u00e9 LES CULOTT\u00c9ES.\"><\/object><a id=\"wp-block-file--media-7b980367-725e-4761-8638-7340342d22f8\" href=\"https:\/\/sites.ac-corse.fr\/daac\/wp-content\/uploads\/sites\/33\/2025\/05\/LES-CULOTTEES.pdf\">LES CULOTT\u00c9ES<\/a><a href=\"https:\/\/sites.ac-corse.fr\/daac\/wp-content\/uploads\/sites\/33\/2025\/05\/LES-CULOTTEES.pdf\" class=\"wp-block-file__button wp-element-button\" download aria-describedby=\"wp-block-file--media-7b980367-725e-4761-8638-7340342d22f8\">T\u00e9l\u00e9charger<\/a><\/div>\n\n\n\n<p class=\"has-medium-font-size\"><\/p>\n","protected":false},"excerpt":{"rendered":"<p>Depuis 4 ans, l&rsquo;atelier \u00ab\u00a0Les Culott\u00e9es\u00a0\u00bb met en lumi\u00e8re des femmes souvent m\u00e9connues dont le parcours et les actes m\u00e9ritent une reconnaissance. Cette ann\u00e9e, les 18 \u00e9l\u00e8ves de l&rsquo;atelier \u00ab\u00a0Les Culott\u00e9es\u00a0\u00bb, pilot\u00e9 par les professeures Emilie Agati et Julie Buanec, ont d\u00e9cid\u00e9 de retracer des lign\u00e9es en mettant en parall\u00e8le les femmes d&rsquo;hier et d&rsquo;aujourd&rsquo;hui [&hellip;]<\/p>\n","protected":false},"author":103,"featured_media":1236,"comment_status":"closed","ping_status":"closed","sticky":false,"template":"","format":"standard","meta":{"footnotes":""},"categories":[1,4],"tags":[45,43,44],"class_list":["post-1233","post","type-post","status-publish","format-standard","has-post-thumbnail","hentry","category-non-classe","category-on-vous-inspire","tag-atelier","tag-college-henri-tomasi","tag-culottees"],"_links":{"self":[{"href":"https:\/\/sites.ac-corse.fr\/daac\/wp-json\/wp\/v2\/posts\/1233","targetHints":{"allow":["GET"]}}],"collection":[{"href":"https:\/\/sites.ac-corse.fr\/daac\/wp-json\/wp\/v2\/posts"}],"about":[{"href":"https:\/\/sites.ac-corse.fr\/daac\/wp-json\/wp\/v2\/types\/post"}],"author":[{"embeddable":true,"href":"https:\/\/sites.ac-corse.fr\/daac\/wp-json\/wp\/v2\/users\/103"}],"replies":[{"embeddable":true,"href":"https:\/\/sites.ac-corse.fr\/daac\/wp-json\/wp\/v2\/comments?post=1233"}],"version-history":[{"count":7,"href":"https:\/\/sites.ac-corse.fr\/daac\/wp-json\/wp\/v2\/posts\/1233\/revisions"}],"predecessor-version":[{"id":1265,"href":"https:\/\/sites.ac-corse.fr\/daac\/wp-json\/wp\/v2\/posts\/1233\/revisions\/1265"}],"wp:featuredmedia":[{"embeddable":true,"href":"https:\/\/sites.ac-corse.fr\/daac\/wp-json\/wp\/v2\/media\/1236"}],"wp:attachment":[{"href":"https:\/\/sites.ac-corse.fr\/daac\/wp-json\/wp\/v2\/media?parent=1233"}],"wp:term":[{"taxonomy":"category","embeddable":true,"href":"https:\/\/sites.ac-corse.fr\/daac\/wp-json\/wp\/v2\/categories?post=1233"},{"taxonomy":"post_tag","embeddable":true,"href":"https:\/\/sites.ac-corse.fr\/daac\/wp-json\/wp\/v2\/tags?post=1233"}],"curies":[{"name":"wp","href":"https:\/\/api.w.org\/{rel}","templated":true}]}}