{"id":1275,"date":"2025-06-24T14:57:47","date_gmt":"2025-06-24T12:57:47","guid":{"rendered":"https:\/\/sites.ac-corse.fr\/daac\/?p=1275"},"modified":"2026-01-16T15:25:27","modified_gmt":"2026-01-16T14:25:27","slug":"1er-prix-du-concours-id-patrimoine-2025-pour-le-lycee-jean-paul-de-rocca-serra-de-porto-vecchio","status":"publish","type":"post","link":"https:\/\/sites.ac-corse.fr\/daac\/2025\/06\/24\/1er-prix-du-concours-id-patrimoine-2025-pour-le-lycee-jean-paul-de-rocca-serra-de-porto-vecchio\/","title":{"rendered":"1er prix du concours ID-Patrimoine 2025 pour le lyc\u00e9e Jean-Paul De Rocca-Serra de Porto-Vecchio"},"content":{"rendered":"\n<p>\u00ab\u00a0PASS\u00c9 RICHE, FUTUR AUDACIEUX\u00a0\u00bb, c&rsquo;\u00e9tait le th\u00e8me de cette <strong>deuxi\u00e8me \u00e9dition du Concours ID. Patrimoine.<\/strong><br><strong>La classe de 2de 2 du lyc\u00e9e Jean-Paul de Rocca-Serra<\/strong>, inscrite \u00e0 ce dispositif, avait pour mission de s\u2019emparer de la notion de patrimoine, de s\u2019attacher \u00e0 l\u2019\u00e9tude d\u2019un patrimoine local pour en comprendre l\u2019histoire, le r\u00f4le et ouvrir les perspectives sur un usage ou une utilit\u00e9 actuelle en lien avec le d\u00e9veloppement durable et dans une vis\u00e9e de transdisciplinarit\u00e9.<\/p>\n\n\n\n<p>C&rsquo;est le CASTEDDU DI CUCCURUZZU, en Alta Rocca, qui a fait l&rsquo;objet de cet ambitieux projet pilot\u00e9 par 3 enseignants : M. CAVALLARO-MARIANI, M. BIZZARI et M. LAM\u00c9, en partenariat avec l&rsquo;association \u00ab\u00a0Rempart\u00a0\u00bb soutenue par la FAGEC (F\u00e9d\u00e9ration d&rsquo;Associations et Groupements pour les Etudes Corses).<\/p>\n\n\n\n<p>Ainsi que l&rsquo;ont d\u00e9clar\u00e9 les \u00e9l\u00e8ves eux-m\u00eame, \u00e0 l&rsquo;occasion de leurs interventions de pr\u00e9sentation, \u00ab\u00a0<em>ce projet a \u00e9t\u00e9 bien plus qu&rsquo;un travail scolaire<\/em>. <em>Ce fut en effet :<\/em><\/p>\n\n\n\n<ul class=\"wp-block-list\">\n<li><em>une&nbsp;immersion&nbsp;dans&nbsp;la&nbsp;Corse&nbsp;protohistorique, une&nbsp;approche&nbsp;concr\u00e8te&nbsp;de&nbsp;l\u2019arch\u00e9ologie,&nbsp;entre&nbsp;outillage,&nbsp;alimentation et architecture ;<\/em><\/li>\n\n\n\n<li><em>une prise de conscience de la n\u00e9cessit\u00e9 de valoriser nos patrimoines locaux, souvent \u00e9clips\u00e9s par les images \u00ab carte postale \u00bb : falaises de Bonifacio,&nbsp;Scandola,&nbsp;plages de&nbsp;Palombaggia,&nbsp;Santa&nbsp;Giulia&nbsp;et Rondinara.\u00a0\u00bb<\/em><\/li>\n<\/ul>\n\n\n\n<p>\u00ab\u00a0<em>Au del\u00e0 d&rsquo;une simple visite sur le site, nous avons<\/em> :<\/p>\n\n\n\n<ul class=\"wp-block-list\">\n<li><em>r\u00e9dig\u00e9&nbsp;un&nbsp;dossier&nbsp;complet pr\u00e9sentant&nbsp;l\u2019histoire&nbsp;et&nbsp;l\u2019architecture&nbsp;du&nbsp;site&nbsp;;<\/em><\/li>\n\n\n\n<li><em>con\u00e7u&nbsp;un&nbsp;site&nbsp;web&nbsp;interactif,&nbsp;accessible&nbsp;au&nbsp;public&nbsp;;<\/em><\/li>\n\n\n\n<li><em>r\u00e9alis\u00e9&nbsp;une&nbsp;visite&nbsp;virtuelle,&nbsp;avec&nbsp;captation de&nbsp;nos voix et montage&nbsp;au sein du studio du lyc\u00e9e.<\/em><\/li>\n<\/ul>\n\n\n\n<p><em>Ces activit\u00e9s&nbsp;nous&nbsp;ont&nbsp;permis de&nbsp;d\u00e9velopper&nbsp;des comp\u00e9tences en recherche, en communication num\u00e9rique et en expression orale, en plus de renforcer notre esprit d\u2019\u00e9quipe\u00a0\u00bb.<\/em><\/p>\n\n\n\n<p>Une belle aventure d&rsquo;EAC !<\/p>\n\n\n\n<p>D\u00e9couvrez leur projet :<\/p>\n\n\n\n<p><a href=\"https:\/\/www.patrimoine-environnement.fr\/wp-content\/uploads\/2025\/06\/7-PROJET-ID-PATRIMOINE-VERSION-POUR-IMPRESSION.-V3.pdf\">https:\/\/www.patrimoine-environnement.fr\/wp-content\/uploads\/2025\/06\/7-PROJET-ID-PATRIMOINE-VERSION-POUR-IMPRESSION.-V3.pdf<\/a><\/p>\n\n\n\n<p>La remise aux \u00e9l\u00e8ves et aux enseignants du 1er prix de ce concours national s&rsquo;est d\u00e9roul\u00e9e le samedi 21 juin 2025, en pr\u00e9sence de Mme F\u00e8vre (pour l&rsquo;association Rempart) et de M. Orsini (pour la FAGEC).<\/p>\n\n\n\n<div data-wp-interactive=\"core\/file\" class=\"wp-block-file\"><object data-wp-bind--hidden=\"!state.hasPdfPreview\" hidden class=\"wp-block-file__embed\" data=\"https:\/\/sites.ac-corse.fr\/daac\/wp-content\/uploads\/sites\/33\/2025\/06\/IMG_8296.pdf\" type=\"application\/pdf\" style=\"width:100%;height:600px\" aria-label=\"Contenu embarqu\u00e9 IMG_8296.\"><\/object><a id=\"wp-block-file--media-36e0f4cd-e0c1-4fd6-934d-8a2eaab922fb\" href=\"https:\/\/sites.ac-corse.fr\/daac\/wp-content\/uploads\/sites\/33\/2025\/06\/IMG_8296.pdf\">IMG_8296<\/a><a href=\"https:\/\/sites.ac-corse.fr\/daac\/wp-content\/uploads\/sites\/33\/2025\/06\/IMG_8296.pdf\" class=\"wp-block-file__button wp-element-button\" download aria-describedby=\"wp-block-file--media-36e0f4cd-e0c1-4fd6-934d-8a2eaab922fb\">T\u00e9l\u00e9charger<\/a><\/div>\n\n\n\n<p>Le jury f\u00e9licite la qualit\u00e9 du travail r\u00e9alis\u00e9 qui promeut notre patrimoine local dont la richesse permettra d&rsquo;enrichir ce nouvel outil de visite virtuelle.<\/p>\n\n\n\n<p>La prochaine \u00e9tape du projet pr\u00e9voit une traduction en langue corse, en anglais, en italien et en espagnol de cette interface destin\u00e9e \u00e0 un large public.<\/p>\n\n\n\n<p>Pour d\u00e9couvrir le site cr\u00e9\u00e9 par la classe : <a href=\"https:\/\/patrimoine.corsica\">https:\/\/patrimoine.corsica<\/a><\/p>\n\n\n\n<p>BRAVO \u00e0 toute l&rsquo;\u00e9quipe !<\/p>\n","protected":false},"excerpt":{"rendered":"<p>\u00ab\u00a0PASS\u00c9 RICHE, FUTUR AUDACIEUX\u00a0\u00bb, c&rsquo;\u00e9tait le th\u00e8me de cette deuxi\u00e8me \u00e9dition du Concours ID. Patrimoine.La classe de 2de 2 du lyc\u00e9e Jean-Paul de Rocca-Serra, inscrite \u00e0 ce dispositif, avait pour mission de s\u2019emparer de la notion de patrimoine, de s\u2019attacher \u00e0 l\u2019\u00e9tude d\u2019un patrimoine local pour en comprendre l\u2019histoire, le r\u00f4le et ouvrir les perspectives [&hellip;]<\/p>\n","protected":false},"author":103,"featured_media":1279,"comment_status":"closed","ping_status":"closed","sticky":false,"template":"","format":"standard","meta":{"footnotes":""},"categories":[6,4],"tags":[48],"class_list":["post-1275","post","type-post","status-publish","format-standard","has-post-thumbnail","hentry","category-memoire-et-patrimoine","category-on-vous-inspire","tag-id-patrimoine"],"_links":{"self":[{"href":"https:\/\/sites.ac-corse.fr\/daac\/wp-json\/wp\/v2\/posts\/1275","targetHints":{"allow":["GET"]}}],"collection":[{"href":"https:\/\/sites.ac-corse.fr\/daac\/wp-json\/wp\/v2\/posts"}],"about":[{"href":"https:\/\/sites.ac-corse.fr\/daac\/wp-json\/wp\/v2\/types\/post"}],"author":[{"embeddable":true,"href":"https:\/\/sites.ac-corse.fr\/daac\/wp-json\/wp\/v2\/users\/103"}],"replies":[{"embeddable":true,"href":"https:\/\/sites.ac-corse.fr\/daac\/wp-json\/wp\/v2\/comments?post=1275"}],"version-history":[{"count":11,"href":"https:\/\/sites.ac-corse.fr\/daac\/wp-json\/wp\/v2\/posts\/1275\/revisions"}],"predecessor-version":[{"id":1290,"href":"https:\/\/sites.ac-corse.fr\/daac\/wp-json\/wp\/v2\/posts\/1275\/revisions\/1290"}],"wp:featuredmedia":[{"embeddable":true,"href":"https:\/\/sites.ac-corse.fr\/daac\/wp-json\/wp\/v2\/media\/1279"}],"wp:attachment":[{"href":"https:\/\/sites.ac-corse.fr\/daac\/wp-json\/wp\/v2\/media?parent=1275"}],"wp:term":[{"taxonomy":"category","embeddable":true,"href":"https:\/\/sites.ac-corse.fr\/daac\/wp-json\/wp\/v2\/categories?post=1275"},{"taxonomy":"post_tag","embeddable":true,"href":"https:\/\/sites.ac-corse.fr\/daac\/wp-json\/wp\/v2\/tags?post=1275"}],"curies":[{"name":"wp","href":"https:\/\/api.w.org\/{rel}","templated":true}]}}