{"id":1291,"date":"2025-06-30T16:23:30","date_gmt":"2025-06-30T14:23:30","guid":{"rendered":"https:\/\/sites.ac-corse.fr\/daac\/?p=1291"},"modified":"2026-01-16T15:19:19","modified_gmt":"2026-01-16T14:19:19","slug":"les-petits-artistes-de-la-memoire-a-lecole-primaire-durtaca","status":"publish","type":"post","link":"https:\/\/sites.ac-corse.fr\/daac\/2025\/06\/30\/les-petits-artistes-de-la-memoire-a-lecole-primaire-durtaca\/","title":{"rendered":"LES PETITS ARTISTES DE LA M\u00c9MOIRE, \u00e0 l&rsquo;\u00e9cole primaire d&rsquo;Urtaca"},"content":{"rendered":"\n<p><strong><em>La Grande Guerre vue par les enfants<\/em><\/strong> de la classe de CE2\/CM1\/CM2 de l&rsquo;\u00e9cole d&rsquo;URTACA, dans la Circonscription de Calvi\/Ile Rousse\/Moltifao. <\/p>\n\n\n\n<p>Le concours \u00ab\u00a0Les Petits artistes de la m\u00e9moire\u00a0\u00bb a pour objectif de transmettre aux plus jeunes la m\u00e9moire des combattants de la Grande Guerre et plus largement de sensibiliser les \u00e9l\u00e8ves \u00e0 l\u2019h\u00e9ritage contemporain de ce conflit mondial. Le projet p\u00e9dagogique repose sur le choix du parcours d\u2019un soldat qui a combattu durant la Premi\u00e8re Guerre mondiale (1914-1918) originaire de leur commune.<\/p>\n\n\n\n<p>En partenariat avec la <strong>Direction ONACVG de Haute-Corse<\/strong> et accompagn\u00e9s dans cette aventure par Mme Caroline Massiani, leur enseignante et Mme Anne-Marie Amoretti, Conseill\u00e8re P\u00e9dagogique D\u00e9partementale r\u00e9f\u00e9rente en Arts, les \u00e9l\u00e8ves ont r\u00e9alis\u00e9 un \u00ab\u00a0Carnet de poilu\u00a0\u00bb, journal intime de <strong>Jean Simon Bonavita, soldat de la Grande Guerre, mort pour la France<\/strong><\/p>\n\n\n\n<p>Ce projet a permis aux \u00e9l\u00e8ves de partir \u00e0 la recherche des traces et des t\u00e9moignages que le soldat a laiss\u00e9s dans les souvenirs familiaux et dans les archives. Leur r\u00e9alisation a donn\u00e9 lieu \u00e0 un projet complet et ambitieux, croisant plusieurs domaines de l&rsquo;EAC, comme celui de la M\u00e9moire, des Arts visuels, de l&rsquo;\u00e9criture.<\/p>\n\n\n\n<p><strong>Bravo \u00e0 la classe pour ce bel hommage \u00e0 un poilu corse de la Grande Guerre !<\/strong> (consultable ci-dessous)<\/p>\n\n\n\n<div data-wp-interactive=\"core\/file\" class=\"wp-block-file\"><object data-wp-bind--hidden=\"!state.hasPdfPreview\" hidden class=\"wp-block-file__embed\" data=\"https:\/\/sites.ac-corse.fr\/daac\/wp-content\/uploads\/sites\/33\/2025\/06\/Carnet-URTACA.pdf\" type=\"application\/pdf\" style=\"width:100%;height:600px\" aria-label=\"Contenu embarqu\u00e9 Carnet URTACA.\"><\/object><a id=\"wp-block-file--media-105177a5-eac4-4570-b0bd-cd971e6a58af\" href=\"https:\/\/sites.ac-corse.fr\/daac\/wp-content\/uploads\/sites\/33\/2025\/06\/Carnet-URTACA.pdf\">Carnet URTACA<\/a><a href=\"https:\/\/sites.ac-corse.fr\/daac\/wp-content\/uploads\/sites\/33\/2025\/06\/Carnet-URTACA.pdf\" class=\"wp-block-file__button wp-element-button\" download aria-describedby=\"wp-block-file--media-105177a5-eac4-4570-b0bd-cd971e6a58af\">T\u00e9l\u00e9charger<\/a><\/div>\n\n\n\n<p><\/p>\n\n\n\n<p><\/p>\n\n\n\n<p><\/p>\n","protected":false},"excerpt":{"rendered":"<p>La Grande Guerre vue par les enfants de la classe de CE2\/CM1\/CM2 de l&rsquo;\u00e9cole d&rsquo;URTACA, dans la Circonscription de Calvi\/Ile Rousse\/Moltifao. Le concours \u00ab\u00a0Les Petits artistes de la m\u00e9moire\u00a0\u00bb a pour objectif de transmettre aux plus jeunes la m\u00e9moire des combattants de la Grande Guerre et plus largement de sensibiliser les \u00e9l\u00e8ves \u00e0 l\u2019h\u00e9ritage contemporain [&hellip;]<\/p>\n","protected":false},"author":103,"featured_media":1294,"comment_status":"closed","ping_status":"closed","sticky":false,"template":"","format":"standard","meta":{"footnotes":""},"categories":[18,49,6,4],"tags":[50,52,51],"class_list":["post-1291","post","type-post","status-publish","format-standard","has-post-thumbnail","hentry","category-1er-degre","category-1er-degre-2","category-memoire-et-patrimoine","category-on-vous-inspire","tag-memoire","tag-petits-artistes-de-la-memoire","tag-premier-degre-haute-corse"],"_links":{"self":[{"href":"https:\/\/sites.ac-corse.fr\/daac\/wp-json\/wp\/v2\/posts\/1291","targetHints":{"allow":["GET"]}}],"collection":[{"href":"https:\/\/sites.ac-corse.fr\/daac\/wp-json\/wp\/v2\/posts"}],"about":[{"href":"https:\/\/sites.ac-corse.fr\/daac\/wp-json\/wp\/v2\/types\/post"}],"author":[{"embeddable":true,"href":"https:\/\/sites.ac-corse.fr\/daac\/wp-json\/wp\/v2\/users\/103"}],"replies":[{"embeddable":true,"href":"https:\/\/sites.ac-corse.fr\/daac\/wp-json\/wp\/v2\/comments?post=1291"}],"version-history":[{"count":8,"href":"https:\/\/sites.ac-corse.fr\/daac\/wp-json\/wp\/v2\/posts\/1291\/revisions"}],"predecessor-version":[{"id":1306,"href":"https:\/\/sites.ac-corse.fr\/daac\/wp-json\/wp\/v2\/posts\/1291\/revisions\/1306"}],"wp:featuredmedia":[{"embeddable":true,"href":"https:\/\/sites.ac-corse.fr\/daac\/wp-json\/wp\/v2\/media\/1294"}],"wp:attachment":[{"href":"https:\/\/sites.ac-corse.fr\/daac\/wp-json\/wp\/v2\/media?parent=1291"}],"wp:term":[{"taxonomy":"category","embeddable":true,"href":"https:\/\/sites.ac-corse.fr\/daac\/wp-json\/wp\/v2\/categories?post=1291"},{"taxonomy":"post_tag","embeddable":true,"href":"https:\/\/sites.ac-corse.fr\/daac\/wp-json\/wp\/v2\/tags?post=1291"}],"curies":[{"name":"wp","href":"https:\/\/api.w.org\/{rel}","templated":true}]}}