{"id":1300,"date":"2025-07-09T10:11:53","date_gmt":"2025-07-09T08:11:53","guid":{"rendered":"https:\/\/sites.ac-corse.fr\/daac\/?p=1300"},"modified":"2026-01-16T15:20:21","modified_gmt":"2026-01-16T14:20:21","slug":"peindre-letang-peindre-le-temps-le-projet-artistique-des-eleves-de-lecole-maternelle-de-pietranera","status":"publish","type":"post","link":"https:\/\/sites.ac-corse.fr\/daac\/2025\/07\/09\/peindre-letang-peindre-le-temps-le-projet-artistique-des-eleves-de-lecole-maternelle-de-pietranera\/","title":{"rendered":"\u00ab\u00a0PEINDRE L&rsquo;\u00c9TANG, PEINDRE LE TEMPS\u2026\u00a0\u00bb                Le projet artistique des \u00e9l\u00e8ves de l&rsquo;\u00e9cole maternelle de Pietranera"},"content":{"rendered":"\n<p>Les \u00e9l\u00e8ves de la maternelle de Pietranera, accompagn\u00e9s de leurs enseignantes et de l&rsquo;artiste Claudia Battesti, se sont pench\u00e9s cette ann\u00e9e sur l\u2019\u00e9tude d\u2019un milieu : l\u2019\u00e9tang. <\/p>\n\n\n\n<p>\u00c0 l\u2019occasion d\u2019une sortie \u00e0 l\u2019\u00e9tang de Biguglia, ils ont pu en d\u00e9couvrir les sp\u00e9cificit\u00e9s : la faune, la flore, les \u00e9cosyst\u00e8mes qui s\u2019y d\u00e9veloppent.<\/p>\n\n\n\n<p>Cette visite a donn\u00e9 lieu, tout au long de l\u2019ann\u00e9e, \u00e0 un foisonnement d&rsquo;activit\u00e9s touchant tous les domaines disciplinaires (sciences, fran\u00e7ais, expression artistique, expression orale, exploration du monde, graphisme\u2026) corr\u00e9l\u00e9s aux domaines de l&rsquo;Education Artistique et Culturelle qui favorise l&rsquo;apprentissage des savoirs fondamentaux.<\/p>\n\n\n\n<p>L\u2019intervention de l\u2019artiste, en partenariat avec les enseignantes et la Conseill\u00e8re P\u00e9dagogique en Arts plastiques, a permis de cr\u00e9er  un grand nombre de r\u00e9alisations artistiques, dont 8 panneaux qui incarnent une histoire, celle de l\u2019\u00e9tang et de ses habitants : les flamands, les foulques, les crabes bleus\u2026 mais aussi les p\u00eacheurs, leurs filets, leurs embarcations. <\/p>\n\n\n\n<p>Ces d\u00e9couvertes ont \u00e9t\u00e9 compl\u00e9t\u00e9es par une visite au Mus\u00e9e d&rsquo;Al\u00e9ria, \u00e0 la d\u00e9couverte des vases \u00e9trusques qui repr\u00e9sentent les activit\u00e9s maritimes des civilisations pass\u00e9es.<\/p>\n\n\n\n<div data-wp-interactive=\"core\/file\" class=\"wp-block-file\"><object data-wp-bind--hidden=\"!state.hasPdfPreview\" hidden class=\"wp-block-file__embed\" data=\"https:\/\/sites.ac-corse.fr\/daac\/wp-content\/uploads\/sites\/33\/2025\/07\/IMG_26.pdf\" type=\"application\/pdf\" style=\"width:100%;height:420px\" aria-label=\"Contenu embarqu\u00e9 expo.\"><\/object><a id=\"wp-block-file--media-c704eee8-0586-4f72-a59d-a5649626c120\" href=\"https:\/\/sites.ac-corse.fr\/daac\/wp-content\/uploads\/sites\/33\/2025\/07\/IMG_26.pdf\">expo<\/a><a href=\"https:\/\/sites.ac-corse.fr\/daac\/wp-content\/uploads\/sites\/33\/2025\/07\/IMG_26.pdf\" class=\"wp-block-file__button wp-element-button\" download aria-describedby=\"wp-block-file--media-c704eee8-0586-4f72-a59d-a5649626c120\">T\u00e9l\u00e9charger<\/a><\/div>\n\n\n\n<p>Ces panneaux ainsi que de nombreux travaux (planches de BD, tableaux en 3 D), t\u00e9moignages artistiques de cette aventure, ont \u00e9t\u00e9 accroch\u00e9s dans le hall et dans la cour de l\u2019\u00e9cole \u00e0 l&rsquo;occasion du vernissage qui a accueilli les enfants et leurs parents pour le plus grand bonheur de tous.<\/p>\n\n\n\n<div data-wp-interactive=\"core\/file\" class=\"wp-block-file\"><object data-wp-bind--hidden=\"!state.hasPdfPreview\" hidden class=\"wp-block-file__embed\" data=\"https:\/\/sites.ac-corse.fr\/daac\/wp-content\/uploads\/sites\/33\/2025\/07\/IMG_2_IMG_7_merged.pdf\" type=\"application\/pdf\" style=\"width:100%;height:600px\" aria-label=\"Contenu embarqu\u00e9 IMG_2_IMG_7_merged.\"><\/object><a id=\"wp-block-file--media-a309416d-1878-44cd-91d5-28cf1903d21f\" href=\"https:\/\/sites.ac-corse.fr\/daac\/wp-content\/uploads\/sites\/33\/2025\/07\/IMG_2_IMG_7_merged.pdf\">IMG_2_IMG_7_merged<\/a><a href=\"https:\/\/sites.ac-corse.fr\/daac\/wp-content\/uploads\/sites\/33\/2025\/07\/IMG_2_IMG_7_merged.pdf\" class=\"wp-block-file__button wp-element-button\" download aria-describedby=\"wp-block-file--media-a309416d-1878-44cd-91d5-28cf1903d21f\">T\u00e9l\u00e9charg<\/a><\/div>\n","protected":false},"excerpt":{"rendered":"<p>Les \u00e9l\u00e8ves de la maternelle de Pietranera, accompagn\u00e9s de leurs enseignantes et de l&rsquo;artiste Claudia Battesti, se sont pench\u00e9s cette ann\u00e9e sur l\u2019\u00e9tude d\u2019un milieu : l\u2019\u00e9tang. \u00c0 l\u2019occasion d\u2019une sortie \u00e0 l\u2019\u00e9tang de Biguglia, ils ont pu en d\u00e9couvrir les sp\u00e9cificit\u00e9s : la faune, la flore, les \u00e9cosyst\u00e8mes qui s\u2019y d\u00e9veloppent. Cette visite a [&hellip;]<\/p>\n","protected":false},"author":103,"featured_media":1317,"comment_status":"closed","ping_status":"closed","sticky":false,"template":"","format":"standard","meta":{"footnotes":""},"categories":[49,4],"tags":[55,54],"class_list":["post-1300","post","type-post","status-publish","format-standard","has-post-thumbnail","hentry","category-1er-degre-2","category-on-vous-inspire","tag-apa","tag-residence-dartiste-a-lecole-de-pietranera"],"_links":{"self":[{"href":"https:\/\/sites.ac-corse.fr\/daac\/wp-json\/wp\/v2\/posts\/1300","targetHints":{"allow":["GET"]}}],"collection":[{"href":"https:\/\/sites.ac-corse.fr\/daac\/wp-json\/wp\/v2\/posts"}],"about":[{"href":"https:\/\/sites.ac-corse.fr\/daac\/wp-json\/wp\/v2\/types\/post"}],"author":[{"embeddable":true,"href":"https:\/\/sites.ac-corse.fr\/daac\/wp-json\/wp\/v2\/users\/103"}],"replies":[{"embeddable":true,"href":"https:\/\/sites.ac-corse.fr\/daac\/wp-json\/wp\/v2\/comments?post=1300"}],"version-history":[{"count":16,"href":"https:\/\/sites.ac-corse.fr\/daac\/wp-json\/wp\/v2\/posts\/1300\/revisions"}],"predecessor-version":[{"id":1326,"href":"https:\/\/sites.ac-corse.fr\/daac\/wp-json\/wp\/v2\/posts\/1300\/revisions\/1326"}],"wp:featuredmedia":[{"embeddable":true,"href":"https:\/\/sites.ac-corse.fr\/daac\/wp-json\/wp\/v2\/media\/1317"}],"wp:attachment":[{"href":"https:\/\/sites.ac-corse.fr\/daac\/wp-json\/wp\/v2\/media?parent=1300"}],"wp:term":[{"taxonomy":"category","embeddable":true,"href":"https:\/\/sites.ac-corse.fr\/daac\/wp-json\/wp\/v2\/categories?post=1300"},{"taxonomy":"post_tag","embeddable":true,"href":"https:\/\/sites.ac-corse.fr\/daac\/wp-json\/wp\/v2\/tags?post=1300"}],"curies":[{"name":"wp","href":"https:\/\/api.w.org\/{rel}","templated":true}]}}