{"id":1327,"date":"2025-07-09T10:35:02","date_gmt":"2025-07-09T08:35:02","guid":{"rendered":"https:\/\/sites.ac-corse.fr\/daac\/?p=1327"},"modified":"2026-01-16T15:19:07","modified_gmt":"2026-01-16T14:19:07","slug":"1er-prix-departemental-au-concours-des-petits-artistes-de-la-memoire-pour-lecole-dafa","status":"publish","type":"post","link":"https:\/\/sites.ac-corse.fr\/daac\/2025\/07\/09\/1er-prix-departemental-au-concours-des-petits-artistes-de-la-memoire-pour-lecole-dafa\/","title":{"rendered":"1er\u00a0prix d\u00e9partemental au concours des \u00ab\u00a0Petits Artistes de la M\u00e9moire\u00a0\u00bb pour l&rsquo;\u00e9cole d&rsquo;Afa"},"content":{"rendered":"\n<p>Le concours des  \u00ab\u00a0Petits artistes de la m\u00e9moire\u00a0\u00bb a pour objectif de transmettre aux plus jeunes la m\u00e9moire des combattants de la Grande Guerre et plus largement de sensibiliser les \u00e9l\u00e8ves \u00e0 l\u2019h\u00e9ritage contemporain de ce conflit mondial.<\/p>\n\n\n\n<p>La classe de CM1\/CM2 de Mme Matraya de l&rsquo;\u00e9cole d&rsquo;Afa s&rsquo;est distingu\u00e9e dans la cr\u00e9ation d\u2019une \u0153uvre m\u00e9morielle sous la forme d\u2019un carnet artistique et d\u2019une \u0153uvre plastique de 2mx2m retra\u00e7ant l\u2019histoire de l\u2019infirmi\u00e8re Marie-Emilie R\u00e9allon et de deux soldats.<\/p>\n\n\n\n<p>Le projet, r\u00e9alis\u00e9 \u00e0 partir du livre&nbsp;: \u00ab&nbsp;L\u2019infirmi\u00e8re des bless\u00e9s corses de la Grande Guerre&nbsp;\u00bb de Franscesca Quilichini, a obtenu le 1er prix d\u00e9partemental du concours 2024-2025.<\/p>\n\n\n\n<figure class=\"wp-block-image size-large\"><img loading=\"lazy\" decoding=\"async\" width=\"578\" height=\"1024\" src=\"https:\/\/sites.ac-corse.fr\/daac\/wp-content\/uploads\/sites\/33\/2025\/07\/Sans-titre-578x1024.jpg\" alt=\"\" class=\"wp-image-1330\" srcset=\"https:\/\/sites.ac-corse.fr\/daac\/wp-content\/uploads\/sites\/33\/2025\/07\/Sans-titre-578x1024.jpg 578w, https:\/\/sites.ac-corse.fr\/daac\/wp-content\/uploads\/sites\/33\/2025\/07\/Sans-titre-169x300.jpg 169w, https:\/\/sites.ac-corse.fr\/daac\/wp-content\/uploads\/sites\/33\/2025\/07\/Sans-titre-768x1361.jpg 768w, https:\/\/sites.ac-corse.fr\/daac\/wp-content\/uploads\/sites\/33\/2025\/07\/Sans-titre.jpg 834w\" sizes=\"auto, (max-width: 578px) 100vw, 578px\" \/><\/figure>\n\n\n\n<p>BRAVO \u00e0 la classe et \u00e0 son enseignante pour ce magnifique hommage m\u00e9moriel !<\/p>\n\n\n\n<figure class=\"wp-block-image size-full\"><img loading=\"lazy\" decoding=\"async\" width=\"506\" height=\"564\" src=\"https:\/\/sites.ac-corse.fr\/daac\/wp-content\/uploads\/sites\/33\/2025\/07\/Prix.jpg\" alt=\"\" class=\"wp-image-1329\" srcset=\"https:\/\/sites.ac-corse.fr\/daac\/wp-content\/uploads\/sites\/33\/2025\/07\/Prix.jpg 506w, https:\/\/sites.ac-corse.fr\/daac\/wp-content\/uploads\/sites\/33\/2025\/07\/Prix-269x300.jpg 269w\" sizes=\"auto, (max-width: 506px) 100vw, 506px\" \/><\/figure>\n","protected":false},"excerpt":{"rendered":"<p>Le concours des \u00ab\u00a0Petits artistes de la m\u00e9moire\u00a0\u00bb a pour objectif de transmettre aux plus jeunes la m\u00e9moire des combattants de la Grande Guerre et plus largement de sensibiliser les \u00e9l\u00e8ves \u00e0 l\u2019h\u00e9ritage contemporain de ce conflit mondial. La classe de CM1\/CM2 de Mme Matraya de l&rsquo;\u00e9cole d&rsquo;Afa s&rsquo;est distingu\u00e9e dans la cr\u00e9ation d\u2019une \u0153uvre [&hellip;]<\/p>\n","protected":false},"author":103,"featured_media":1338,"comment_status":"closed","ping_status":"closed","sticky":false,"template":"","format":"standard","meta":{"footnotes":""},"categories":[6,4],"tags":[],"class_list":["post-1327","post","type-post","status-publish","format-standard","has-post-thumbnail","hentry","category-memoire-et-patrimoine","category-on-vous-inspire"],"_links":{"self":[{"href":"https:\/\/sites.ac-corse.fr\/daac\/wp-json\/wp\/v2\/posts\/1327","targetHints":{"allow":["GET"]}}],"collection":[{"href":"https:\/\/sites.ac-corse.fr\/daac\/wp-json\/wp\/v2\/posts"}],"about":[{"href":"https:\/\/sites.ac-corse.fr\/daac\/wp-json\/wp\/v2\/types\/post"}],"author":[{"embeddable":true,"href":"https:\/\/sites.ac-corse.fr\/daac\/wp-json\/wp\/v2\/users\/103"}],"replies":[{"embeddable":true,"href":"https:\/\/sites.ac-corse.fr\/daac\/wp-json\/wp\/v2\/comments?post=1327"}],"version-history":[{"count":5,"href":"https:\/\/sites.ac-corse.fr\/daac\/wp-json\/wp\/v2\/posts\/1327\/revisions"}],"predecessor-version":[{"id":1339,"href":"https:\/\/sites.ac-corse.fr\/daac\/wp-json\/wp\/v2\/posts\/1327\/revisions\/1339"}],"wp:featuredmedia":[{"embeddable":true,"href":"https:\/\/sites.ac-corse.fr\/daac\/wp-json\/wp\/v2\/media\/1338"}],"wp:attachment":[{"href":"https:\/\/sites.ac-corse.fr\/daac\/wp-json\/wp\/v2\/media?parent=1327"}],"wp:term":[{"taxonomy":"category","embeddable":true,"href":"https:\/\/sites.ac-corse.fr\/daac\/wp-json\/wp\/v2\/categories?post=1327"},{"taxonomy":"post_tag","embeddable":true,"href":"https:\/\/sites.ac-corse.fr\/daac\/wp-json\/wp\/v2\/tags?post=1327"}],"curies":[{"name":"wp","href":"https:\/\/api.w.org\/{rel}","templated":true}]}}