{"id":1340,"date":"2025-07-09T11:39:05","date_gmt":"2025-07-09T09:39:05","guid":{"rendered":"https:\/\/sites.ac-corse.fr\/daac\/?p=1340"},"modified":"2026-01-16T15:18:57","modified_gmt":"2026-01-16T14:18:57","slug":"lortu-di-u-mare-lecole-de-tiuccia-recoit-le-1er-prix-academique-du-concours-vmf","status":"publish","type":"post","link":"https:\/\/sites.ac-corse.fr\/daac\/2025\/07\/09\/lortu-di-u-mare-lecole-de-tiuccia-recoit-le-1er-prix-academique-du-concours-vmf\/","title":{"rendered":"L&rsquo;ORTU DI U MARE &#8211; L&rsquo;\u00e9cole de Tiuccia re\u00e7oit le 1er\u00a0prix acad\u00e9mique du concours VMF &#8211;"},"content":{"rendered":"\n<p>Autour de l\u2019\u00e9cole il y a peut-\u00eatre un parc ou jardin remarquable qui m\u00e9riterait d\u2019\u00eatre mis en lumi\u00e8re par les \u00e9l\u00e8ves ? Et s\u2019il n\u2019existe pas, s\u2019ils en imaginaient un pour cr\u00e9er un \u00e9crin de verdure \u00e0 un patrimoine b\u00e2ti local ?<\/p>\n\n\n\n<p><strong>Le concours VMF (Vieilles Maisons Fran\u00e7aise) sur le th\u00e8me de \u00ab L\u2019\u00e9cole aux parcs et jardins \u00bb <\/strong>permet de proposer un projet pluridisciplinaire liant l\u2019Histoire, l\u2019Histoire de l\u2019Art, les SVT, les math\u00e9matiques, l\u2019Education \u00e0 l\u2019environnement, le fran\u00e7ais, les arts plastiques et les TICE.<\/p>\n\n\n\n<p>C\u2019est dans cette aventure que se sont engag\u00e9s les \u00e9l\u00e8ves de CM2 de Mme Baltolu Canavelli de l\u2019\u00e9cole de Tiuccia, en \u00e9tudiant le c\u00e9l\u00e8bre ch\u00e2teau de Versailles, puis le Palais Lantivy,&nbsp;momument historique n\u00e9oclassique d\u2019Ajaccio construit au d\u00e9but du 19<sup>e<\/sup>&nbsp;si\u00e8cle sous les plans de l\u2019architecte Alphonse de Gisors.&nbsp;Une randonn\u00e9e leur a enfin permis de d\u00e9couvrir&nbsp;la belle tour g\u00e9noise d\u2019Ancone ainsi que le tour de Capigliolu et son fortin.<\/p>\n\n\n\n<p>Leurs travaux, notamment en g\u00e9om\u00e9trie et en arts plastiques, leur ont permis de r\u00e9aliser la maquette d\u2019un jardin imaginaire \u00e0 l\u2019aide d\u2019une imprimante 3D, accompagn\u00e9s par l\u2019artiste Christophe GAY, cr\u00e9ateur de dioramas.<\/p>\n\n\n\n<p>Bravo \u00e0 eux pour leur belle r\u00e9alisation !<\/p>\n\n\n\n<figure class=\"wp-block-image size-full\"><img loading=\"lazy\" decoding=\"async\" width=\"606\" height=\"392\" src=\"https:\/\/sites.ac-corse.fr\/daac\/wp-content\/uploads\/sites\/33\/2025\/07\/ORTU-DI-U-MARE.png\" alt=\"\" class=\"wp-image-1345\" srcset=\"https:\/\/sites.ac-corse.fr\/daac\/wp-content\/uploads\/sites\/33\/2025\/07\/ORTU-DI-U-MARE.png 606w, https:\/\/sites.ac-corse.fr\/daac\/wp-content\/uploads\/sites\/33\/2025\/07\/ORTU-DI-U-MARE-300x194.png 300w\" sizes=\"auto, (max-width: 606px) 100vw, 606px\" \/><\/figure>\n","protected":false},"excerpt":{"rendered":"<p>Autour de l\u2019\u00e9cole il y a peut-\u00eatre un parc ou jardin remarquable qui m\u00e9riterait d\u2019\u00eatre mis en lumi\u00e8re par les \u00e9l\u00e8ves ? Et s\u2019il n\u2019existe pas, s\u2019ils en imaginaient un pour cr\u00e9er un \u00e9crin de verdure \u00e0 un patrimoine b\u00e2ti local ? Le concours VMF (Vieilles Maisons Fran\u00e7aise) sur le th\u00e8me de \u00ab L\u2019\u00e9cole aux [&hellip;]<\/p>\n","protected":false},"author":103,"featured_media":1347,"comment_status":"closed","ping_status":"closed","sticky":false,"template":"","format":"standard","meta":{"footnotes":""},"categories":[18,6,1,4],"tags":[58,57],"class_list":["post-1340","post","type-post","status-publish","format-standard","has-post-thumbnail","hentry","category-1er-degre","category-memoire-et-patrimoine","category-non-classe","category-on-vous-inspire","tag-concours-vmf","tag-ecole-de-tiuccia"],"_links":{"self":[{"href":"https:\/\/sites.ac-corse.fr\/daac\/wp-json\/wp\/v2\/posts\/1340","targetHints":{"allow":["GET"]}}],"collection":[{"href":"https:\/\/sites.ac-corse.fr\/daac\/wp-json\/wp\/v2\/posts"}],"about":[{"href":"https:\/\/sites.ac-corse.fr\/daac\/wp-json\/wp\/v2\/types\/post"}],"author":[{"embeddable":true,"href":"https:\/\/sites.ac-corse.fr\/daac\/wp-json\/wp\/v2\/users\/103"}],"replies":[{"embeddable":true,"href":"https:\/\/sites.ac-corse.fr\/daac\/wp-json\/wp\/v2\/comments?post=1340"}],"version-history":[{"count":4,"href":"https:\/\/sites.ac-corse.fr\/daac\/wp-json\/wp\/v2\/posts\/1340\/revisions"}],"predecessor-version":[{"id":1349,"href":"https:\/\/sites.ac-corse.fr\/daac\/wp-json\/wp\/v2\/posts\/1340\/revisions\/1349"}],"wp:featuredmedia":[{"embeddable":true,"href":"https:\/\/sites.ac-corse.fr\/daac\/wp-json\/wp\/v2\/media\/1347"}],"wp:attachment":[{"href":"https:\/\/sites.ac-corse.fr\/daac\/wp-json\/wp\/v2\/media?parent=1340"}],"wp:term":[{"taxonomy":"category","embeddable":true,"href":"https:\/\/sites.ac-corse.fr\/daac\/wp-json\/wp\/v2\/categories?post=1340"},{"taxonomy":"post_tag","embeddable":true,"href":"https:\/\/sites.ac-corse.fr\/daac\/wp-json\/wp\/v2\/tags?post=1340"}],"curies":[{"name":"wp","href":"https:\/\/api.w.org\/{rel}","templated":true}]}}