{"id":1395,"date":"2025-11-17T13:03:21","date_gmt":"2025-11-17T12:03:21","guid":{"rendered":"https:\/\/sites.ac-corse.fr\/daac\/?p=1395"},"modified":"2025-11-17T18:11:35","modified_gmt":"2025-11-17T17:11:35","slug":"memoria-oghjinca-les-eleves-de-lacademie-de-corse-rendent-un-hommage-daujourdhui-aux-soldats-dhier","status":"publish","type":"post","link":"https:\/\/sites.ac-corse.fr\/daac\/2025\/11\/17\/memoria-oghjinca-les-eleves-de-lacademie-de-corse-rendent-un-hommage-daujourdhui-aux-soldats-dhier\/","title":{"rendered":"MEMORIA OGHJINCA : les \u00e9l\u00e8ves de l&rsquo;acad\u00e9mie de Corse rendent \u00ab\u00a0un hommage d&rsquo;aujourd&rsquo;hui aux soldats d&rsquo;hier\u00a0\u00bb"},"content":{"rendered":"\n<p>Les \u00e9l\u00e8ves de quatre \u00e9tablissements de l&rsquo;acad\u00e9mie de Corse se sont port\u00e9s volontaires pour l&rsquo;exp\u00e9rimentation d&rsquo;un nouveau projet acad\u00e9mique d&rsquo;EAC, MEMORIA OGHJINCA, destin\u00e9 \u00ab\u00a0rendre un hommage d&rsquo;aujourd&rsquo;hui aux soldats d&rsquo;hier\u00a0\u00bb.<\/p>\n\n\n\n<p>Ces actions s&rsquo;inscrivent cette ann\u00e9e dans le cadre du \u00ab\u00a0Centenaire du Bleuet de France\u00a0\u00bb et feront l&rsquo;objet d&rsquo;une campagne d&rsquo;appel \u00e0 projets acad\u00e9miques d\u00e8s la rentr\u00e9e de septembre 2026.<\/p>\n\n\n\n<div data-wp-interactive=\"core\/file\" class=\"wp-block-file\"><object data-wp-bind--hidden=\"!state.hasPdfPreview\" hidden class=\"wp-block-file__embed\" data=\"https:\/\/sites.ac-corse.fr\/daac\/wp-content\/uploads\/sites\/33\/2025\/11\/MEMORIA-OGHJINCA-1.pdf\" type=\"application\/pdf\" style=\"width:100%;height:600px\" aria-label=\"Contenu embarqu\u00e9 MEMORIA OGHJINCA.\"><\/object><a id=\"wp-block-file--media-a956e36c-9113-4d9b-a914-a6b970649eca\" href=\"https:\/\/sites.ac-corse.fr\/daac\/wp-content\/uploads\/sites\/33\/2025\/11\/MEMORIA-OGHJINCA-1.pdf\">MEMORIA OGHJINCA<\/a><a href=\"https:\/\/sites.ac-corse.fr\/daac\/wp-content\/uploads\/sites\/33\/2025\/11\/MEMORIA-OGHJINCA-1.pdf\" class=\"wp-block-file__button wp-element-button\" download aria-describedby=\"wp-block-file--media-a956e36c-9113-4d9b-a914-a6b970649eca\">T\u00e9l\u00e9charger<\/a><\/div>\n\n\n\n<p><br><\/p>\n\n\n\n<p><br><\/p>\n","protected":false},"excerpt":{"rendered":"<p>Les \u00e9l\u00e8ves de quatre \u00e9tablissements de l&rsquo;acad\u00e9mie de Corse se sont port\u00e9s volontaires pour l&rsquo;exp\u00e9rimentation d&rsquo;un nouveau projet acad\u00e9mique d&rsquo;EAC, MEMORIA OGHJINCA, destin\u00e9 \u00ab\u00a0rendre un hommage d&rsquo;aujourd&rsquo;hui aux soldats d&rsquo;hier\u00a0\u00bb. Ces actions s&rsquo;inscrivent cette ann\u00e9e dans le cadre du \u00ab\u00a0Centenaire du Bleuet de France\u00a0\u00bb et feront l&rsquo;objet d&rsquo;une campagne d&rsquo;appel \u00e0 projets acad\u00e9miques d\u00e8s la [&hellip;]<\/p>\n","protected":false},"author":103,"featured_media":1405,"comment_status":"closed","ping_status":"closed","sticky":true,"template":"","format":"standard","meta":{"footnotes":""},"categories":[9,1],"tags":[68,50],"class_list":["post-1395","post","type-post","status-publish","format-standard","has-post-thumbnail","hentry","category-actualite-de-la-daac","category-non-classe","tag-centenaire-du-bleuet-de-france","tag-memoire"],"_links":{"self":[{"href":"https:\/\/sites.ac-corse.fr\/daac\/wp-json\/wp\/v2\/posts\/1395","targetHints":{"allow":["GET"]}}],"collection":[{"href":"https:\/\/sites.ac-corse.fr\/daac\/wp-json\/wp\/v2\/posts"}],"about":[{"href":"https:\/\/sites.ac-corse.fr\/daac\/wp-json\/wp\/v2\/types\/post"}],"author":[{"embeddable":true,"href":"https:\/\/sites.ac-corse.fr\/daac\/wp-json\/wp\/v2\/users\/103"}],"replies":[{"embeddable":true,"href":"https:\/\/sites.ac-corse.fr\/daac\/wp-json\/wp\/v2\/comments?post=1395"}],"version-history":[{"count":8,"href":"https:\/\/sites.ac-corse.fr\/daac\/wp-json\/wp\/v2\/posts\/1395\/revisions"}],"predecessor-version":[{"id":1410,"href":"https:\/\/sites.ac-corse.fr\/daac\/wp-json\/wp\/v2\/posts\/1395\/revisions\/1410"}],"wp:featuredmedia":[{"embeddable":true,"href":"https:\/\/sites.ac-corse.fr\/daac\/wp-json\/wp\/v2\/media\/1405"}],"wp:attachment":[{"href":"https:\/\/sites.ac-corse.fr\/daac\/wp-json\/wp\/v2\/media?parent=1395"}],"wp:term":[{"taxonomy":"category","embeddable":true,"href":"https:\/\/sites.ac-corse.fr\/daac\/wp-json\/wp\/v2\/categories?post=1395"},{"taxonomy":"post_tag","embeddable":true,"href":"https:\/\/sites.ac-corse.fr\/daac\/wp-json\/wp\/v2\/tags?post=1395"}],"curies":[{"name":"wp","href":"https:\/\/api.w.org\/{rel}","templated":true}]}}