{"id":1412,"date":"2026-01-05T17:15:05","date_gmt":"2026-01-05T16:15:05","guid":{"rendered":"https:\/\/sites.ac-corse.fr\/daac\/?p=1412"},"modified":"2026-01-05T17:17:08","modified_gmt":"2026-01-05T16:17:08","slug":"journee-internationale-de-lutte-contre-les-violences-faites-aux-femmes-au-college-campo-vallone","status":"publish","type":"post","link":"https:\/\/sites.ac-corse.fr\/daac\/2026\/01\/05\/journee-internationale-de-lutte-contre-les-violences-faites-aux-femmes-au-college-campo-vallone\/","title":{"rendered":"Journ\u00e9e internationale de lutte contre les violences faites aux femmes au coll\u00e8ge Campo Vallone"},"content":{"rendered":"\n<p>La journ\u00e9e du 25 novembre 2025 a \u00e9t\u00e9 c\u00e9l\u00e9br\u00e9e au coll\u00e8ge Campo Vallone par une c\u00e9r\u00e9monie d&rsquo;inauguration du \u00ab\u00a0Banc Rouge\u00a0\u00bb.<\/p>\n\n\n\n<p>Cet \u00e9v\u00e9nement, conduit par les \u00e9l\u00e8ves des classes de 4<sup>e<\/sup>\u00a0Delta et B1, de l\u2019atelier Jardin-bricolage en lien avec les \u00e9l\u00e8ves de\u00a0SEGPA qui ont r\u00e9alis\u00e9 le<em> banc rouge<\/em> et du parcours artistique danse a \u00e9t\u00e9 men\u00e9 dans le cadre d\u2019un travail pluridisciplinaire, associant les enseignements de fran\u00e7ais, d\u2019italien, d\u2019espagnol, de corse et d\u2019anglais.<\/p>\n\n\n\n<p>Les \u00e9l\u00e8ves ont pr\u00e9sent\u00e9 une cr\u00e9ation alliant po\u00e9sie et expression artistique qui t\u00e9moignait de leur engagement collectif et de leur r\u00e9flexion autour des valeurs de respect, d\u2019\u00e9galit\u00e9 et de solidarit\u00e9.<\/p>\n\n\n\n<p>\u00c0 travers cette initiative symbolique ils ont souhait\u00e9 :<br>\u2022\u00a0<em>rappeler avec force que les violences, sous toutes leurs formes, n\u2019ont pas leur place, ni dans la soci\u00e9t\u00e9 ni \u00e0 l\u2019\u00e9cole ;<\/em><br><em>\u2022 encourager la vigilance, l\u2019\u00e9coute et la bienveillance face aux situations d\u2019isolement ou d\u2019exclusion ;<\/em><br><em>\u2022 porter un message d\u2019espoir et de fraternit\u00e9, fond\u00e9 sur les valeurs d\u2019\u00e9galit\u00e9, de respect mutuel et d\u2019engagement collectif.<\/em><\/p>\n\n\n\n<p><a href=\"https:\/\/youtu.be\/3c4VZPHdgLo\"><br><\/a><\/p>\n\n\n\n<div data-wp-interactive=\"core\/file\" class=\"wp-block-file\"><object data-wp-bind--hidden=\"!state.hasPdfPreview\" hidden class=\"wp-block-file__embed\" data=\"https:\/\/sites.ac-corse.fr\/daac\/wp-content\/uploads\/sites\/33\/2025\/12\/25-NOV-25-1.pdf\" type=\"application\/pdf\" style=\"width:100%;height:600px\" aria-label=\"Contenu embarqu\u00e9 25 NOV 25.\"><\/object><a id=\"wp-block-file--media-28369634-86ed-4085-9ac4-92e02460a3ac\" href=\"https:\/\/sites.ac-corse.fr\/daac\/wp-content\/uploads\/sites\/33\/2025\/12\/25-NOV-25-1.pdf\">25 NOV 25<\/a><a href=\"https:\/\/sites.ac-corse.fr\/daac\/wp-content\/uploads\/sites\/33\/2025\/12\/25-NOV-25-1.pdf\" class=\"wp-block-file__button wp-element-button\" download aria-describedby=\"wp-block-file--media-28369634-86ed-4085-9ac4-92e02460a3ac\">T\u00e9l\u00e9charger<\/a><\/div>\n","protected":false},"excerpt":{"rendered":"<p>La journ\u00e9e du 25 novembre 2025 a \u00e9t\u00e9 c\u00e9l\u00e9br\u00e9e au coll\u00e8ge Campo Vallone par une c\u00e9r\u00e9monie d&rsquo;inauguration du \u00ab\u00a0Banc Rouge\u00a0\u00bb. Cet \u00e9v\u00e9nement, conduit par les \u00e9l\u00e8ves des classes de 4e\u00a0Delta et B1, de l\u2019atelier Jardin-bricolage en lien avec les \u00e9l\u00e8ves de\u00a0SEGPA qui ont r\u00e9alis\u00e9 le banc rouge et du parcours artistique danse a \u00e9t\u00e9 men\u00e9 [&hellip;]<\/p>\n","protected":false},"author":103,"featured_media":1414,"comment_status":"closed","ping_status":"closed","sticky":true,"template":"","format":"standard","meta":{"footnotes":""},"categories":[1,4,16],"tags":[69],"class_list":["post-1412","post","type-post","status-publish","format-standard","has-post-thumbnail","hentry","category-non-classe","category-on-vous-inspire","category-spectacle-vivant","tag-egalite-filles-garcons"],"_links":{"self":[{"href":"https:\/\/sites.ac-corse.fr\/daac\/wp-json\/wp\/v2\/posts\/1412","targetHints":{"allow":["GET"]}}],"collection":[{"href":"https:\/\/sites.ac-corse.fr\/daac\/wp-json\/wp\/v2\/posts"}],"about":[{"href":"https:\/\/sites.ac-corse.fr\/daac\/wp-json\/wp\/v2\/types\/post"}],"author":[{"embeddable":true,"href":"https:\/\/sites.ac-corse.fr\/daac\/wp-json\/wp\/v2\/users\/103"}],"replies":[{"embeddable":true,"href":"https:\/\/sites.ac-corse.fr\/daac\/wp-json\/wp\/v2\/comments?post=1412"}],"version-history":[{"count":6,"href":"https:\/\/sites.ac-corse.fr\/daac\/wp-json\/wp\/v2\/posts\/1412\/revisions"}],"predecessor-version":[{"id":1426,"href":"https:\/\/sites.ac-corse.fr\/daac\/wp-json\/wp\/v2\/posts\/1412\/revisions\/1426"}],"wp:featuredmedia":[{"embeddable":true,"href":"https:\/\/sites.ac-corse.fr\/daac\/wp-json\/wp\/v2\/media\/1414"}],"wp:attachment":[{"href":"https:\/\/sites.ac-corse.fr\/daac\/wp-json\/wp\/v2\/media?parent=1412"}],"wp:term":[{"taxonomy":"category","embeddable":true,"href":"https:\/\/sites.ac-corse.fr\/daac\/wp-json\/wp\/v2\/categories?post=1412"},{"taxonomy":"post_tag","embeddable":true,"href":"https:\/\/sites.ac-corse.fr\/daac\/wp-json\/wp\/v2\/tags?post=1412"}],"curies":[{"name":"wp","href":"https:\/\/api.w.org\/{rel}","templated":true}]}}