{"id":1479,"date":"2026-02-16T15:23:00","date_gmt":"2026-02-16T14:23:00","guid":{"rendered":"https:\/\/sites.ac-corse.fr\/daac\/?p=1479"},"modified":"2026-02-16T17:02:24","modified_gmt":"2026-02-16T16:02:24","slug":"projet-poetique-du-geste-du-handicap-a-la-creation","status":"publish","type":"post","link":"https:\/\/sites.ac-corse.fr\/daac\/2026\/02\/16\/projet-poetique-du-geste-du-handicap-a-la-creation\/","title":{"rendered":"Projet \u00ab\u00a0Po\u00e9tique du geste, du handicap \u00e0 la cr\u00e9ation\u00a0\u00bb"},"content":{"rendered":"\n<p>Un \u00e9mouvant moment de restitution s\u2019est d\u00e9roul\u00e9&nbsp;le samedi 14 f\u00e9vrier \u00e0 15h \u00e0 l\u2019Animu &#8211;&nbsp;<a href=\"https:\/\/www.facebook.com\/citadiportivechju?__cft__%5B0%5D=AZYWgDvS7fRl3lyr1tUtCKgKuqsW26ntmB7Bj1s5P05Gsz-GyCns7b9JrWsIZZXuYwZw6VcxwsSqjXg7OqUUnHrY8ceARNMdsimBMWmK2NisBryHCl_gkcfCkQCOo71jXF8jVHI1cEJKihhw3VLP-hig6IAiqc9URrzCtKthGYW0GqOucB0H4iIqhMIL2ECJkqQpPoJiHkry3XiE3-1JtaFsC_r2HbZ1wJ6nyWRTRFGPUA&amp;__tn__=-%5DK-y-R\">Cit\u00e0 di Portivechju<\/a>.&nbsp;<\/p>\n\n\n\n<p>Le projet \u00ab\u00a0Po\u00e9tique du geste\u00a0\u00bb rassemble un collectif interg\u00e9n\u00e9rationnel qui privil\u00e9gie des moments de rencontre destin\u00e9s \u00e0 introduire une approche artistique aupr\u00e8s de groupes de coll\u00e9giens et d\u2019adultes souffrant de handicaps.<\/p>\n\n\n\n<p>La pratique th\u00e9\u00e2trale, la danse, la po\u00e9sie, la musique, la cr\u00e9ation d\u2019images fixes et mobiles (photographies, films) constituent ici des leviers qui permettent au mouvement de devenir un langage du c\u0153ur, pour le plus grand bonheur de la classe Ulis du coll\u00e8ge Maria de Peretti.<\/p>\n\n\n\n<p>Un projet d&rsquo;EAC en partenariat avec la \u00ab\u00a0Plateforme d&rsquo;Exploration du Geste\u00a0\u00bb et les associations \u00ab&nbsp;Handicap Extr\u00eame Sud&nbsp;\u00bb&nbsp;&nbsp;et \u00ab&nbsp;Stella Zitellina Handi Corse Solidarit\u00e9&nbsp;\u00bb.&nbsp;<\/p>\n\n\n\n<div data-wp-interactive=\"core\/file\" class=\"wp-block-file\"><object data-wp-bind--hidden=\"!state.hasPdfPreview\" hidden class=\"wp-block-file__embed\" data=\"https:\/\/sites.ac-corse.fr\/daac\/wp-content\/uploads\/sites\/33\/2026\/02\/POETIQUE-DU-GESTE-1.pdf\" type=\"application\/pdf\" style=\"width:100%;height:600px\" aria-label=\"Contenu embarqu\u00e9 POETIQUE DU GESTE.\"><\/object><a id=\"wp-block-file--media-0bfdd1c1-ab12-4e2a-8188-7b1b42f51710\" href=\"https:\/\/sites.ac-corse.fr\/daac\/wp-content\/uploads\/sites\/33\/2026\/02\/POETIQUE-DU-GESTE-1.pdf\">POETIQUE DU GESTE<\/a><a href=\"https:\/\/sites.ac-corse.fr\/daac\/wp-content\/uploads\/sites\/33\/2026\/02\/POETIQUE-DU-GESTE-1.pdf\" class=\"wp-block-file__button wp-element-button\" download aria-describedby=\"wp-block-file--media-0bfdd1c1-ab12-4e2a-8188-7b1b42f51710\">T\u00e9l\u00e9charger<\/a><\/div>\n\n\n\n<p><\/p>\n","protected":false},"excerpt":{"rendered":"<p>Un \u00e9mouvant moment de restitution s\u2019est d\u00e9roul\u00e9&nbsp;le samedi 14 f\u00e9vrier \u00e0 15h \u00e0 l\u2019Animu &#8211;&nbsp;Cit\u00e0 di Portivechju.&nbsp; Le projet \u00ab\u00a0Po\u00e9tique du geste\u00a0\u00bb rassemble un collectif interg\u00e9n\u00e9rationnel qui privil\u00e9gie des moments de rencontre destin\u00e9s \u00e0 introduire une approche artistique aupr\u00e8s de groupes de coll\u00e9giens et d\u2019adultes souffrant de handicaps. La pratique th\u00e9\u00e2trale, la danse, la po\u00e9sie, [&hellip;]<\/p>\n","protected":false},"author":103,"featured_media":1480,"comment_status":"closed","ping_status":"closed","sticky":true,"template":"","format":"standard","meta":{"footnotes":""},"categories":[9,1,4],"tags":[72],"class_list":["post-1479","post","type-post","status-publish","format-standard","has-post-thumbnail","hentry","category-actualite-de-la-daac","category-non-classe","category-on-vous-inspire","tag-inclusion"],"_links":{"self":[{"href":"https:\/\/sites.ac-corse.fr\/daac\/wp-json\/wp\/v2\/posts\/1479","targetHints":{"allow":["GET"]}}],"collection":[{"href":"https:\/\/sites.ac-corse.fr\/daac\/wp-json\/wp\/v2\/posts"}],"about":[{"href":"https:\/\/sites.ac-corse.fr\/daac\/wp-json\/wp\/v2\/types\/post"}],"author":[{"embeddable":true,"href":"https:\/\/sites.ac-corse.fr\/daac\/wp-json\/wp\/v2\/users\/103"}],"replies":[{"embeddable":true,"href":"https:\/\/sites.ac-corse.fr\/daac\/wp-json\/wp\/v2\/comments?post=1479"}],"version-history":[{"count":6,"href":"https:\/\/sites.ac-corse.fr\/daac\/wp-json\/wp\/v2\/posts\/1479\/revisions"}],"predecessor-version":[{"id":1489,"href":"https:\/\/sites.ac-corse.fr\/daac\/wp-json\/wp\/v2\/posts\/1479\/revisions\/1489"}],"wp:featuredmedia":[{"embeddable":true,"href":"https:\/\/sites.ac-corse.fr\/daac\/wp-json\/wp\/v2\/media\/1480"}],"wp:attachment":[{"href":"https:\/\/sites.ac-corse.fr\/daac\/wp-json\/wp\/v2\/media?parent=1479"}],"wp:term":[{"taxonomy":"category","embeddable":true,"href":"https:\/\/sites.ac-corse.fr\/daac\/wp-json\/wp\/v2\/categories?post=1479"},{"taxonomy":"post_tag","embeddable":true,"href":"https:\/\/sites.ac-corse.fr\/daac\/wp-json\/wp\/v2\/tags?post=1479"}],"curies":[{"name":"wp","href":"https:\/\/api.w.org\/{rel}","templated":true}]}}