{"id":227,"date":"2022-11-30T12:06:00","date_gmt":"2022-11-30T11:06:00","guid":{"rendered":"https:\/\/sites.ac-corse.fr\/daac\/2022\/11\/30\/11eme-prix-de-laudace-artistique-et-culturelle\/"},"modified":"2023-03-02T14:47:46","modified_gmt":"2023-03-02T13:47:46","slug":"11eme-prix-de-laudace-artistique-et-culturelle","status":"publish","type":"post","link":"https:\/\/sites.ac-corse.fr\/daac\/2022\/11\/30\/11eme-prix-de-laudace-artistique-et-culturelle\/","title":{"rendered":"11\u00e8me Prix de l&rsquo;Audace artistique et culturelle"},"content":{"rendered":"<p>Le th\u00e8me : Le d\u00e9cloisonnement<br>prix de l\u2019Audace artistique et culturelle pour une nouvelle \u00e9dition 2022-2023. Cette \u00e9dition annonce un nouveau format du prix, plac\u00e9 sous le signe du d\u00e9cloisonnement !<\/p>\n\n\n<figure class=\"wp-block-image size-large\"><img loading=\"lazy\" decoding=\"async\" width=\"724\" height=\"1024\" src=\"https:\/\/sites.ac-corse.fr\/daac\/wp-content\/uploads\/sites\/33\/2023\/03\/Diplome-Laureat-academique-des-10-ans-du-prix-de-lu2019Audace-artistique-et-culturelle-2022-2-724x1024.jpg\" alt=\"\" class=\"wp-image-491\" srcset=\"https:\/\/sites.ac-corse.fr\/daac\/wp-content\/uploads\/sites\/33\/2023\/03\/Diplome-Laureat-academique-des-10-ans-du-prix-de-lu2019Audace-artistique-et-culturelle-2022-2-724x1024.jpg 724w, https:\/\/sites.ac-corse.fr\/daac\/wp-content\/uploads\/sites\/33\/2023\/03\/Diplome-Laureat-academique-des-10-ans-du-prix-de-lu2019Audace-artistique-et-culturelle-2022-2-212x300.jpg 212w, https:\/\/sites.ac-corse.fr\/daac\/wp-content\/uploads\/sites\/33\/2023\/03\/Diplome-Laureat-academique-des-10-ans-du-prix-de-lu2019Audace-artistique-et-culturelle-2022-2-768x1086.jpg 768w, https:\/\/sites.ac-corse.fr\/daac\/wp-content\/uploads\/sites\/33\/2023\/03\/Diplome-Laureat-academique-des-10-ans-du-prix-de-lu2019Audace-artistique-et-culturelle-2022-2-1086x1536.jpg 1086w, https:\/\/sites.ac-corse.fr\/daac\/wp-content\/uploads\/sites\/33\/2023\/03\/Diplome-Laureat-academique-des-10-ans-du-prix-de-lu2019Audace-artistique-et-culturelle-2022-2-1448x2048.jpg 1448w, https:\/\/sites.ac-corse.fr\/daac\/wp-content\/uploads\/sites\/33\/2023\/03\/Diplome-Laureat-academique-des-10-ans-du-prix-de-lu2019Audace-artistique-et-culturelle-2022-2-scaled.jpg 1810w\" sizes=\"auto, (max-width: 724px) 100vw, 724px\" \/><\/figure>\n","protected":false},"excerpt":{"rendered":"<p>Le th\u00e8me : Le d\u00e9cloisonnementprix de l\u2019Audace artistique et culturelle pour une nouvelle \u00e9dition 2022-2023. Cette \u00e9dition annonce un nouveau format du prix, plac\u00e9 sous le signe du d\u00e9cloisonnement !<\/p>\n","protected":false},"author":84,"featured_media":491,"comment_status":"open","ping_status":"open","sticky":false,"template":"","format":"standard","meta":{"footnotes":""},"categories":[1],"tags":[],"class_list":["post-227","post","type-post","status-publish","format-standard","has-post-thumbnail","hentry","category-non-classe"],"_links":{"self":[{"href":"https:\/\/sites.ac-corse.fr\/daac\/wp-json\/wp\/v2\/posts\/227","targetHints":{"allow":["GET"]}}],"collection":[{"href":"https:\/\/sites.ac-corse.fr\/daac\/wp-json\/wp\/v2\/posts"}],"about":[{"href":"https:\/\/sites.ac-corse.fr\/daac\/wp-json\/wp\/v2\/types\/post"}],"author":[{"embeddable":true,"href":"https:\/\/sites.ac-corse.fr\/daac\/wp-json\/wp\/v2\/users\/84"}],"replies":[{"embeddable":true,"href":"https:\/\/sites.ac-corse.fr\/daac\/wp-json\/wp\/v2\/comments?post=227"}],"version-history":[{"count":3,"href":"https:\/\/sites.ac-corse.fr\/daac\/wp-json\/wp\/v2\/posts\/227\/revisions"}],"predecessor-version":[{"id":495,"href":"https:\/\/sites.ac-corse.fr\/daac\/wp-json\/wp\/v2\/posts\/227\/revisions\/495"}],"wp:featuredmedia":[{"embeddable":true,"href":"https:\/\/sites.ac-corse.fr\/daac\/wp-json\/wp\/v2\/media\/491"}],"wp:attachment":[{"href":"https:\/\/sites.ac-corse.fr\/daac\/wp-json\/wp\/v2\/media?parent=227"}],"wp:term":[{"taxonomy":"category","embeddable":true,"href":"https:\/\/sites.ac-corse.fr\/daac\/wp-json\/wp\/v2\/categories?post=227"},{"taxonomy":"post_tag","embeddable":true,"href":"https:\/\/sites.ac-corse.fr\/daac\/wp-json\/wp\/v2\/tags?post=227"}],"curies":[{"name":"wp","href":"https:\/\/api.w.org\/{rel}","templated":true}]}}