{"id":228,"date":"2022-11-30T11:47:00","date_gmt":"2022-11-30T10:47:00","guid":{"rendered":"https:\/\/sites.ac-corse.fr\/daac\/2022\/11\/30\/2023-350eme-anniversaire-de-la-mort-de-moliere\/"},"modified":"2023-03-02T14:51:19","modified_gmt":"2023-03-02T13:51:19","slug":"2023-350eme-anniversaire-de-la-mort-de-moliere","status":"publish","type":"post","link":"https:\/\/sites.ac-corse.fr\/daac\/2022\/11\/30\/2023-350eme-anniversaire-de-la-mort-de-moliere\/","title":{"rendered":"2023 : 350\u00e8me anniversaire de la mort de Moli\u00e8re"},"content":{"rendered":"<p>Le contexte et les ressources<br \/>\n2022, c\u00e9l\u00e9brait le 400\u00e8me anniversaire de la naissance de Moli\u00e8re et 2023 poursuit les festivit\u00e9s avec le 350\u00e8me anniversaire de la mort du dramaturge.<\/p>\n<p>Afin d\u2019accompagner les \u00e9quipes enseignantes dans leur projets en lien avec cette comm\u00e9moration nationale des ressources sont disponibles sur la page \u00e9duscol (actions et dispositifs)pour penser l&rsquo;\u00e9v\u00e8nement :<\/p>\n<p><a class=\"link\" href=\"http\">https:\/\/eduscol.education.fr\/2558\/moliere-la-croisee-des-lettres-et-des-arts<\/a>:\/\/<br \/>\n<img loading=\"lazy\" decoding=\"async\" class=\"alignnone size-medium\" src=\"https:\/\/sites.ac-corse.fr\/wp-content\/uploads\/sites\/33\/photo\/art\/default\/1020767-1291392.jpg\" width=\"599\" height=\"694\"><\/p>\n<p>Le d\u00e9fi Moli\u00e8re<br \/>\n<b>Le d\u00e9fi Moli\u00e8re de l\u2019ANRAT<\/b> :<\/p>\n<p>Dans le cadre de l\u2019Op\u00e9ration Moli\u00e8re de l\u2019ANRAT est n\u00e9 le d\u00e9fi Moli\u00e8re, dont la troisi\u00e8me \u00e9dition en 2022-2023 retient six th\u00e8mes reli\u00e9s \u00e0 \u00ab l\u2019hypocrisie : une mode durable \u00bb.<\/p>\n<p>Pour d\u00e9couvrir les modalit\u00e9s du d\u00e9fi et inscrire un groupe, rendez-vous sur la <a class=\"link\" href=\"http\">page du d\u00e9fi Moli\u00e8re<\/a>:\/\/.<\/p>\n<p>\u00b7 Date limite d\u2019inscription : dimanche 12 f\u00e9vrier 2023<\/p>\n<p>\u00b7 Date limite de rendu des contributions : dimanche 23 avril 2023<\/p>\n<p>Le concours Les jeunes rendent hommage \u00e0 Moli\u00e8re en 2023 de la Com\u00e9die-Fran\u00e7aise.<br \/>\nIniti\u00e9 par la Com\u00e9die-Fran\u00e7aise, Les jeunes rendent hommage \u00e0 Moli\u00e8re en 2023 est un <b>concours \u00e0 destination de toutes les classes d\u2019\u00e9l\u00e9mentaire, de coll\u00e8ges, des lyc\u00e9es g\u00e9n\u00e9raux, technologiques et professionnels en France et \u00e0 l\u2019\u00e9tranger.<\/b><br \/>\n\u00c0 la mani\u00e8re des com\u00e9diens de la Troupe de la Maison de Moli\u00e8re, toutes les classes sont invit\u00e9es \u00e0 r\u00e9aliser leur hommage \u00e0 Moli\u00e8re avec inventivit\u00e9, originalit\u00e9 et audace.<br \/>\nPour d\u00e9couvrir les modalit\u00e9s du concours rendez-vous sur cette publication (page officielle en cours d\u2019actualisation). L\u2019inscription d\u2019un groupe se fait par ce <a class=\"link\" href=\"http\">formulaire en ligne<\/a>:\/\/.<\/p>\n<p>\u00b7 Date limite d\u2019inscription : vendredi 9 d\u00e9cembre 2022<\/p>\n<p>\u00b7 Date de rendu des contributions : mardi 14 f\u00e9vrier 2023<\/p>\n","protected":false},"excerpt":{"rendered":"<p>Le contexte et les ressources 2022, c\u00e9l\u00e9brait le 400\u00e8me anniversaire de la naissance de Moli\u00e8re et 2023 poursuit les festivit\u00e9s avec le 350\u00e8me anniversaire de la mort du dramaturge. Afin d\u2019accompagner les \u00e9quipes enseignantes dans leur projets en lien avec cette comm\u00e9moration nationale des ressources sont disponibles sur la page \u00e9duscol (actions et dispositifs)pour penser [&hellip;]<\/p>\n","protected":false},"author":84,"featured_media":498,"comment_status":"open","ping_status":"open","sticky":false,"template":"","format":"standard","meta":{"footnotes":""},"categories":[1],"tags":[],"class_list":["post-228","post","type-post","status-publish","format-standard","has-post-thumbnail","hentry","category-non-classe"],"_links":{"self":[{"href":"https:\/\/sites.ac-corse.fr\/daac\/wp-json\/wp\/v2\/posts\/228","targetHints":{"allow":["GET"]}}],"collection":[{"href":"https:\/\/sites.ac-corse.fr\/daac\/wp-json\/wp\/v2\/posts"}],"about":[{"href":"https:\/\/sites.ac-corse.fr\/daac\/wp-json\/wp\/v2\/types\/post"}],"author":[{"embeddable":true,"href":"https:\/\/sites.ac-corse.fr\/daac\/wp-json\/wp\/v2\/users\/84"}],"replies":[{"embeddable":true,"href":"https:\/\/sites.ac-corse.fr\/daac\/wp-json\/wp\/v2\/comments?post=228"}],"version-history":[{"count":3,"href":"https:\/\/sites.ac-corse.fr\/daac\/wp-json\/wp\/v2\/posts\/228\/revisions"}],"predecessor-version":[{"id":499,"href":"https:\/\/sites.ac-corse.fr\/daac\/wp-json\/wp\/v2\/posts\/228\/revisions\/499"}],"wp:featuredmedia":[{"embeddable":true,"href":"https:\/\/sites.ac-corse.fr\/daac\/wp-json\/wp\/v2\/media\/498"}],"wp:attachment":[{"href":"https:\/\/sites.ac-corse.fr\/daac\/wp-json\/wp\/v2\/media?parent=228"}],"wp:term":[{"taxonomy":"category","embeddable":true,"href":"https:\/\/sites.ac-corse.fr\/daac\/wp-json\/wp\/v2\/categories?post=228"},{"taxonomy":"post_tag","embeddable":true,"href":"https:\/\/sites.ac-corse.fr\/daac\/wp-json\/wp\/v2\/tags?post=228"}],"curies":[{"name":"wp","href":"https:\/\/api.w.org\/{rel}","templated":true}]}}