{"id":231,"date":"2022-10-26T10:19:00","date_gmt":"2022-10-26T08:19:00","guid":{"rendered":"https:\/\/sites.ac-corse.fr\/daac\/2022\/10\/26\/concours-de-la-bd-scolaire-2022-2023\/"},"modified":"2023-03-02T15:57:43","modified_gmt":"2023-03-02T14:57:43","slug":"concours-de-la-bd-scolaire-2022-2023","status":"publish","type":"post","link":"https:\/\/sites.ac-corse.fr\/daac\/2022\/10\/26\/concours-de-la-bd-scolaire-2022-2023\/","title":{"rendered":"Concours de la BD scolaire 2022\/2023"},"content":{"rendered":"<p>Le plus grand concours jeunesse de bande dessin\u00e9e en Europe !<br \/>\nLes \u00e9l\u00e8ves scolaris\u00e9s de la grande section de maternelle \u00e0 la terminale sont invit\u00e9s \u00e0 participer au concours de la BD scolaire jusqu\u2019au vendredi 3 mars 2023.<\/p>\n<p>Le concours est gratuit et ouvert \u00e0 tous les \u00e9tablissements scolaires relevant du Minist\u00e8re de l&rsquo;\u00c9ducation Nationale Fran\u00e7ais, \u00e0 travers le monde, aux structures sociales et culturelles (C.S.C.S., centres de loisirs, ateliers d&rsquo;arts plastiques&#8230;), ainsi qu\u2019aux \u00e9tablissements de classes sp\u00e9cialis\u00e9s (IME, SEGPA, CLIS, ULIS&#8230;).<\/p>\n<p>Le Concours de la BD scolaire 2022-2023 est pr\u00e9sid\u00e9 cette ann\u00e9e par J\u00e9r\u00e9mie Moreau, laur\u00e9at du prix de la BD scolaire en 2005, et Fauve d&rsquo;Or, en janvier 2018, pour La Saga de Grimr.<\/p>\n<p>Laur\u00e9ate du Prix du Public &#8211; France T\u00e9l\u00e9visions en 2020 avec Saison des Roses, Chlo\u00e9 Wary est la marraine de cette \u00e9dition. Elle en a \u00e9galement r\u00e9alis\u00e9 l\u2019affiche.<br \/>\nhttps:\/\/sites.ac-corse.fr\/wp-content\/uploads\/sites\/33\/photo\/art\/default\/1020735-1291296.jpg<\/p>\n<p>Les modalit\u00e9s d&rsquo;inscription<br \/>\nCe concours consiste \u00e0 r\u00e9aliser une bande dessin\u00e9e dont le th\u00e8me est libre.<\/p>\n<p>Les r\u00e9alisations peuvent \u00eatre :<\/p>\n<p>individuelles ou collectives de 5 \u00e0 10 ans<br \/>\nindividuelles ou collectives pour les classes sp\u00e9cialis\u00e9es (quel que soit l\u2019\u00e2ge des participants)<br \/>\nimp\u00e9rativement individuelles \u00e0 partir de 11 ans<br \/>\nnum\u00e9rot\u00e9es au recto et au verso<br \/>\nformat vertical (A4 ou A3) uniquement en recto<\/p>\n<p>Chaque participant.e (\u0153uvre individuelle ou collective) devra pr\u00e9senter une bande dessin\u00e9e (planches, strips&#8230;) d\u2019une planche minimum, en s\u2019appuyant sur un sc\u00e9nario comportant obligatoirement un titre (le titre devant \u00eatre visible au recto de la planche), un d\u00e9but et une fin. Les r\u00e9alisations individuelles doivent comporter 2 planches maximum, les r\u00e9alisations collectives doivent comporter 6 planches maximum.<\/p>\n<p>Le calendrier<br \/>\nLe calendrier du concours est le suivant :<\/p>\n<p>&#8211; Inscription et remise des travaux : jusqu&rsquo;au 03 mars 2023.<\/p>\n<p>&#8211; Remise des prix de l\u2019\u00e9dition pr\u00e9c\u00e9dente au Festival International de la BD d\u2019Angoul\u00eame : janvier 2023.<\/p>\n<p>&#8211; Remise des prix au Festival International de la BD d\u2019Angoul\u00eame : janvier 2024.<\/p>\n<p>En savoir plus &#8230;<br \/>\nVous trouverez sur <a class=\"link\" href=\"http\">https:\/\/eduscol.education.fr\/3472\/concours-de-la-bd-scolaire<\/a>:\/\/ toutes les informations compl\u00e9mentaires.<\/p>\n","protected":false},"excerpt":{"rendered":"<p>Le plus grand concours jeunesse de bande dessin\u00e9e en Europe ! Les \u00e9l\u00e8ves scolaris\u00e9s de la grande section de maternelle \u00e0 la terminale sont invit\u00e9s \u00e0 participer au concours de la BD scolaire jusqu\u2019au vendredi 3 mars 2023. Le concours est gratuit et ouvert \u00e0 tous les \u00e9tablissements scolaires relevant du Minist\u00e8re de l&rsquo;\u00c9ducation Nationale [&hellip;]<\/p>\n","protected":false},"author":84,"featured_media":555,"comment_status":"open","ping_status":"open","sticky":false,"template":"","format":"standard","meta":{"footnotes":""},"categories":[1],"tags":[],"class_list":["post-231","post","type-post","status-publish","format-standard","has-post-thumbnail","hentry","category-non-classe"],"_links":{"self":[{"href":"https:\/\/sites.ac-corse.fr\/daac\/wp-json\/wp\/v2\/posts\/231","targetHints":{"allow":["GET"]}}],"collection":[{"href":"https:\/\/sites.ac-corse.fr\/daac\/wp-json\/wp\/v2\/posts"}],"about":[{"href":"https:\/\/sites.ac-corse.fr\/daac\/wp-json\/wp\/v2\/types\/post"}],"author":[{"embeddable":true,"href":"https:\/\/sites.ac-corse.fr\/daac\/wp-json\/wp\/v2\/users\/84"}],"replies":[{"embeddable":true,"href":"https:\/\/sites.ac-corse.fr\/daac\/wp-json\/wp\/v2\/comments?post=231"}],"version-history":[{"count":5,"href":"https:\/\/sites.ac-corse.fr\/daac\/wp-json\/wp\/v2\/posts\/231\/revisions"}],"predecessor-version":[{"id":557,"href":"https:\/\/sites.ac-corse.fr\/daac\/wp-json\/wp\/v2\/posts\/231\/revisions\/557"}],"wp:featuredmedia":[{"embeddable":true,"href":"https:\/\/sites.ac-corse.fr\/daac\/wp-json\/wp\/v2\/media\/555"}],"wp:attachment":[{"href":"https:\/\/sites.ac-corse.fr\/daac\/wp-json\/wp\/v2\/media?parent=231"}],"wp:term":[{"taxonomy":"category","embeddable":true,"href":"https:\/\/sites.ac-corse.fr\/daac\/wp-json\/wp\/v2\/categories?post=231"},{"taxonomy":"post_tag","embeddable":true,"href":"https:\/\/sites.ac-corse.fr\/daac\/wp-json\/wp\/v2\/tags?post=231"}],"curies":[{"name":"wp","href":"https:\/\/api.w.org\/{rel}","templated":true}]}}