{"id":233,"date":"2022-09-19T13:45:00","date_gmt":"2022-09-19T11:45:00","guid":{"rendered":"https:\/\/sites.ac-corse.fr\/daac\/2022\/09\/19\/francofolies\/"},"modified":"2023-01-16T17:57:23","modified_gmt":"2023-01-16T16:57:23","slug":"francofolies","status":"publish","type":"post","link":"https:\/\/sites.ac-corse.fr\/daac\/2022\/09\/19\/francofolies\/","title":{"rendered":"FRANCOFOLIES"},"content":{"rendered":"<p>Th\u00e9matique 2022-2023 \u00ab\u00a0Ce que la chanson a dans le ventre \u00a0\u00bb<br \/>\nChaque ann\u00e9e, avec le projet <b>Paroles de lyc\u00e9ens<\/b>, les Francofolies donnent la parole aux lyc\u00e9es pour favoriser et valoriser leur esprit critique par la production de contenus artistiques et journalistiques \u00e0 partir d&rsquo;une th\u00e9matique autour de la chanson.<\/p>\n<p>Les <b>inscriptions <\/b>se font <b>jusqu&rsquo;au 23 septembre 2022<\/b>.<\/p>\n<p>Le programme et les modalit\u00e9s d&rsquo;inscription sont disponibles dans le fichier joint.<br \/>\nhttps:\/\/sites.ac-corse.fr\/wp-content\/uploads\/sites\/33\/photo\/art\/default\/1020679-1291095.jpg<\/p>\n<p>Pour plus de renseignements : <br \/>Contact : Sophie BELLOUARD sophiebellouard@francofolies.fr 05.46.28.28.28<\/p>\n","protected":false},"excerpt":{"rendered":"<p>Th\u00e9matique 2022-2023 \u00ab\u00a0Ce que la chanson a dans le ventre \u00a0\u00bb Chaque ann\u00e9e, avec le projet Paroles de lyc\u00e9ens, les Francofolies donnent la parole aux lyc\u00e9es pour favoriser et valoriser leur esprit critique par la production de contenus artistiques et journalistiques \u00e0 partir d&rsquo;une th\u00e9matique autour de la chanson. Les inscriptions se font jusqu&rsquo;au 23 [&hellip;]<\/p>\n","protected":false},"author":84,"featured_media":0,"comment_status":"open","ping_status":"open","sticky":false,"template":"","format":"standard","meta":{"footnotes":""},"categories":[1],"tags":[],"class_list":["post-233","post","type-post","status-publish","format-standard","hentry","category-non-classe"],"_links":{"self":[{"href":"https:\/\/sites.ac-corse.fr\/daac\/wp-json\/wp\/v2\/posts\/233","targetHints":{"allow":["GET"]}}],"collection":[{"href":"https:\/\/sites.ac-corse.fr\/daac\/wp-json\/wp\/v2\/posts"}],"about":[{"href":"https:\/\/sites.ac-corse.fr\/daac\/wp-json\/wp\/v2\/types\/post"}],"author":[{"embeddable":true,"href":"https:\/\/sites.ac-corse.fr\/daac\/wp-json\/wp\/v2\/users\/84"}],"replies":[{"embeddable":true,"href":"https:\/\/sites.ac-corse.fr\/daac\/wp-json\/wp\/v2\/comments?post=233"}],"version-history":[{"count":1,"href":"https:\/\/sites.ac-corse.fr\/daac\/wp-json\/wp\/v2\/posts\/233\/revisions"}],"predecessor-version":[{"id":345,"href":"https:\/\/sites.ac-corse.fr\/daac\/wp-json\/wp\/v2\/posts\/233\/revisions\/345"}],"wp:attachment":[{"href":"https:\/\/sites.ac-corse.fr\/daac\/wp-json\/wp\/v2\/media?parent=233"}],"wp:term":[{"taxonomy":"category","embeddable":true,"href":"https:\/\/sites.ac-corse.fr\/daac\/wp-json\/wp\/v2\/categories?post=233"},{"taxonomy":"post_tag","embeddable":true,"href":"https:\/\/sites.ac-corse.fr\/daac\/wp-json\/wp\/v2\/tags?post=233"}],"curies":[{"name":"wp","href":"https:\/\/api.w.org\/{rel}","templated":true}]}}