{"id":235,"date":"2022-09-12T14:10:00","date_gmt":"2022-09-12T12:10:00","guid":{"rendered":"https:\/\/sites.ac-corse.fr\/daac\/2022\/09\/12\/fauve-des-lyceens\/"},"modified":"2023-01-16T17:57:23","modified_gmt":"2023-01-16T16:57:23","slug":"fauve-des-lyceens","status":"publish","type":"post","link":"https:\/\/sites.ac-corse.fr\/daac\/2022\/09\/12\/fauve-des-lyceens\/","title":{"rendered":"Fauve des Lyc\u00e9ens"},"content":{"rendered":"<p>Un objectif : faire d\u00e9couvrir le 9\u00e8me art aux lyc\u00e9ens<br \/>\nLe \u00ab\u00a0Fauve des lyc\u00e9ens\u00a0\u00bb organis\u00e9 par le Festival international de la bande dessin\u00e9e d&rsquo;Angoul\u00eame est \u00e0 la recherche d&rsquo;un jury de 1000 lyc\u00e9ens qui aura \u00e0 charge de choisir la bande dessin\u00e9e laur\u00e9ate du prix au mois de janvier 2023, \u00e0 l&rsquo;occasion de la 50e \u00e9dition du festival d&rsquo;Angoul\u00eame.<br \/>L&rsquo;appel \u00e0 candidature est ouvert jusqu&rsquo;au 22 septembre minuit en allant sur le lien suivant : <a class=\"link\" href=\"http\">https:\/\/www.demarches-simplifiees.fr\/commencer\/fauve-des-lyceens-2023<\/a>:\/\/<br \/>\nhttps:\/\/sites.ac-corse.fr\/wp-content\/uploads\/sites\/33\/photo\/art\/default\/1020671-1291077.jpg<\/p>\n<p>Modalit\u00e9s de s\u00e9lection<br \/>\nTous les lyc\u00e9ens ont la possibilit\u00e9 d&rsquo;\u00eatre jur\u00e9s (lyc\u00e9ens d&rsquo;enseignement g\u00e9n\u00e9ral et technologique LEGT, lyc\u00e9e professionnels, LP et lyc\u00e9es polyvalents), lyc\u00e9ens issus d&rsquo;\u00e9tablissements publics ou priv\u00e9s sous contrat de France m\u00e9tropolitaine et d&rsquo;Oute-mer.<\/p>\n<p>Le comit\u00e9 de s\u00e9lection du Festival va s\u00e9lectionner 10 bandes dessin\u00e9es en comp\u00e9tition parmi un total d&rsquo;une quarantaine d&rsquo;albums, repr\u00e9sentatives de la diversit\u00e9 de cet art adapt\u00e9es au public de lyc\u00e9ens. <\/p>\n<p>Les classes retenues s&rsquo;engageront \u00e0 lire les 10 ouvrages s\u00e9lectionn\u00e9s.<\/p>\n<p>Informations utiles<br \/>\nToutes les informations sur le prix ainsi que le mode d&#8217;emploi disponibles vers d\u00e9marches simplifi\u00e9es : <br \/>https:\/\/eduscol.education.fr\/2233\/fauve-des-lyceens-prix-litteraire-de-bande-dessinee<\/p>\n","protected":false},"excerpt":{"rendered":"<p>Un objectif : faire d\u00e9couvrir le 9\u00e8me art aux lyc\u00e9ens Le \u00ab\u00a0Fauve des lyc\u00e9ens\u00a0\u00bb organis\u00e9 par le Festival international de la bande dessin\u00e9e d&rsquo;Angoul\u00eame est \u00e0 la recherche d&rsquo;un jury de 1000 lyc\u00e9ens qui aura \u00e0 charge de choisir la bande dessin\u00e9e laur\u00e9ate du prix au mois de janvier 2023, \u00e0 l&rsquo;occasion de la 50e [&hellip;]<\/p>\n","protected":false},"author":84,"featured_media":0,"comment_status":"open","ping_status":"open","sticky":false,"template":"","format":"standard","meta":{"footnotes":""},"categories":[1],"tags":[],"class_list":["post-235","post","type-post","status-publish","format-standard","hentry","category-non-classe"],"_links":{"self":[{"href":"https:\/\/sites.ac-corse.fr\/daac\/wp-json\/wp\/v2\/posts\/235","targetHints":{"allow":["GET"]}}],"collection":[{"href":"https:\/\/sites.ac-corse.fr\/daac\/wp-json\/wp\/v2\/posts"}],"about":[{"href":"https:\/\/sites.ac-corse.fr\/daac\/wp-json\/wp\/v2\/types\/post"}],"author":[{"embeddable":true,"href":"https:\/\/sites.ac-corse.fr\/daac\/wp-json\/wp\/v2\/users\/84"}],"replies":[{"embeddable":true,"href":"https:\/\/sites.ac-corse.fr\/daac\/wp-json\/wp\/v2\/comments?post=235"}],"version-history":[{"count":1,"href":"https:\/\/sites.ac-corse.fr\/daac\/wp-json\/wp\/v2\/posts\/235\/revisions"}],"predecessor-version":[{"id":347,"href":"https:\/\/sites.ac-corse.fr\/daac\/wp-json\/wp\/v2\/posts\/235\/revisions\/347"}],"wp:attachment":[{"href":"https:\/\/sites.ac-corse.fr\/daac\/wp-json\/wp\/v2\/media?parent=235"}],"wp:term":[{"taxonomy":"category","embeddable":true,"href":"https:\/\/sites.ac-corse.fr\/daac\/wp-json\/wp\/v2\/categories?post=235"},{"taxonomy":"post_tag","embeddable":true,"href":"https:\/\/sites.ac-corse.fr\/daac\/wp-json\/wp\/v2\/tags?post=235"}],"curies":[{"name":"wp","href":"https:\/\/api.w.org\/{rel}","templated":true}]}}