{"id":238,"date":"2022-04-26T10:37:00","date_gmt":"2022-04-26T08:37:00","guid":{"rendered":"https:\/\/sites.ac-corse.fr\/daac\/2022\/04\/26\/creation-en-cours-une-residence-dartiste-en-cycle-3\/"},"modified":"2023-01-16T17:57:23","modified_gmt":"2023-01-16T16:57:23","slug":"creation-en-cours-une-residence-dartiste-en-cycle-3","status":"publish","type":"post","link":"https:\/\/sites.ac-corse.fr\/daac\/2022\/04\/26\/creation-en-cours-une-residence-dartiste-en-cycle-3\/","title":{"rendered":"Cr\u00e9ation en cours &#8211; une r\u00e9sidence d&rsquo;artiste en cycle 3"},"content":{"rendered":"<p>\u00ab\u00a0Cr\u00e9ation en cours\u00a0\u00bb a pour vocation de soutenir des artistes \u00e9mergents pour un projet de recherche et de cr\u00e9ation qu\u2019ils m\u00e8nent en r\u00e9sidence dans les territoires les plus \u00e9loign\u00e9s de l\u2019offre culturelle. \u00ab\u00a0Cr\u00e9ation en cours\u00a0\u00bb, c\u2019est aussi la rencontre privil\u00e9gi\u00e9e entre des \u00e9l\u00e8ves de CM1 et CM2 (1 ou 2 classes pour un maximum de 30 \u00e9l\u00e8ves) et des jeunes artistes lors de temps de transmission organis\u00e9s au sein de l\u2019\u00e9tablissement scolaire partenaire sur une dur\u00e9e de 20 jours maximum. Chaque ann\u00e9e, 111 projets sont men\u00e9s partout en France. Les enseignants postulent volontairement et les candidatures sont \u00e9tudi\u00e9es conjointement par les DRAC et DAAC de chaque Acad\u00e9mie.<\/p>\n<p>Il s&rsquo;agit pour les \u00e9coles d\u2019accueillir un artiste en r\u00e9sidence et de s\u2019ouvrir \u00e0 sa d\u00e9marche de cr\u00e9ation, quels qu&rsquo;en soient la discipline et les partis pris esth\u00e9tiques.<\/p>\n<p><a class=\"link\" href=\"https:\/\/eduscol.education.fr\/1368\/creation-en-cours-une-residence-d-artiste-en-cycle-3\">lien vers le site eduscol<\/a><\/p>\n<p><a class=\"link\" href=\"https:\/\/eduscol.education.fr\/1368\/creation-en-cours-une-residence-d-artiste-en-cycle-3\">lien vers le tutoriel<\/a><\/p>\n<p><a class=\"link\" href=\"https:\/\/www.ateliersmedicis.fr\/article\/appel-candidatures-creation-en-cours-7e-edition-25247\">lien vers le site des ateliers Medicis<\/a><br \/>\nhttps:\/\/sites.ac-corse.fr\/wp-content\/uploads\/sites\/33\/photo\/art\/default\/1020532-1290727.jpg<\/p>\n<p>&#8212; Sont \u00e9ligibles les \u00e9coles implant\u00e9es sur des territoires prioritaires (territoires ruraux, ZRR, quartiers de la politique de la ville et Outre-mer) qui n&rsquo;ont jamais b\u00e9n\u00e9fici\u00e9 du programme \u00ab\u00a0Cr\u00e9ation en cours\u00a0\u00bb et qui n&rsquo;accueillent pas d&rsquo;artistes en r\u00e9sidence en 2022-23.<\/p>\n<p>&#8212; La candidature de l&rsquo;\u00e9cole est assortie d\u2019engagements dont la mise \u00e0 disposition d\u2019un espace \u00e0 l\u2019\u00e9cole, ou \u00e0 proximit\u00e9, permet \u00e0 l&rsquo;artiste de cr\u00e9er et favorise un travail immersif. \u00c9galement, l\u2019aide \u00e0 l\u2019installation de l\u2019artiste dans le territoire d\u2019implantation (h\u00e9bergement, rencontres avec les acteurs et professionnels du territoire, etc.) est essentiel au bon d\u00e9roul\u00e9 du projet.<\/p>\n<p>Calendrier 2022-2023<br \/>\nRemarque : Les dates sont susceptibles d\u2019\u00eatre modifi\u00e9es selon l\u2019\u00e9volution de la situation sanitaire.<\/p>\n<p> <b> Du 14 mars 2022 au 2 mai 2022 :<\/b> p\u00e9riode de l\u2019appel \u00e0 candidatures des \u00e9coles Cr\u00e9ation en cours 7.<\/p>\n<p> <b> Du 1er avril 2022 au 2 mai 2022 :<\/b> p\u00e9riode de l\u2019appel \u00e0 candidatures des artistes Cr\u00e9ation en cours 7.<\/p>\n<p> <b> Du 14 avril 2022 au 16 mai 2022 :<\/b> validation et s\u00e9lection finale des candidatures des \u00e9coles par les services d\u00e9concentr\u00e9s de l&rsquo;\u00e9ducation nationale (DAAC) et de la culture (DRAC), en prenant appui sur les avis des DASEN et IEN.<\/p>\n<p> <b>Septembre 2022 :<\/b> informations aux \u00e9coles s\u00e9lectionn\u00e9es.<\/p>\n<p> <b> Entre le 3 et le 6 octobre 2022 :<\/b> annonce des laur\u00e9ats \u00e9coles et artistes pour Cr\u00e9ation en cours 7.<\/p>\n<p> <b> Octobre \u00e0 novembre 2022 :<\/b> co-construction des r\u00e9sidences avec les artistes et les \u00e9coles s\u00e9lectionn\u00e9es pour Cr\u00e9ation en cours 7 et organisation des r\u00e9unions r\u00e9gionales avec les DRAC\/DAAC.<\/p>\n<p> <b> Janvier 2023 \u00e0 juillet 2023 :<\/b> d\u00e9roul\u00e9 des r\u00e9sidences Cr\u00e9ation en cours 7.<\/p>\n<p> <b>1er \u2013 2 juillet 2023 :<\/b> week-end de cl\u00f4ture aux Ateliers M\u00e9dicis de la 7e \u00e9dition de Cr\u00e9ation en cours.<\/p>\n","protected":false},"excerpt":{"rendered":"<p>\u00ab\u00a0Cr\u00e9ation en cours\u00a0\u00bb a pour vocation de soutenir des artistes \u00e9mergents pour un projet de recherche et de cr\u00e9ation qu\u2019ils m\u00e8nent en r\u00e9sidence dans les territoires les plus \u00e9loign\u00e9s de l\u2019offre culturelle. \u00ab\u00a0Cr\u00e9ation en cours\u00a0\u00bb, c\u2019est aussi la rencontre privil\u00e9gi\u00e9e entre des \u00e9l\u00e8ves de CM1 et CM2 (1 ou 2 classes pour un maximum de [&hellip;]<\/p>\n","protected":false},"author":84,"featured_media":0,"comment_status":"open","ping_status":"open","sticky":false,"template":"","format":"standard","meta":{"footnotes":""},"categories":[1],"tags":[],"class_list":["post-238","post","type-post","status-publish","format-standard","hentry","category-non-classe"],"_links":{"self":[{"href":"https:\/\/sites.ac-corse.fr\/daac\/wp-json\/wp\/v2\/posts\/238","targetHints":{"allow":["GET"]}}],"collection":[{"href":"https:\/\/sites.ac-corse.fr\/daac\/wp-json\/wp\/v2\/posts"}],"about":[{"href":"https:\/\/sites.ac-corse.fr\/daac\/wp-json\/wp\/v2\/types\/post"}],"author":[{"embeddable":true,"href":"https:\/\/sites.ac-corse.fr\/daac\/wp-json\/wp\/v2\/users\/84"}],"replies":[{"embeddable":true,"href":"https:\/\/sites.ac-corse.fr\/daac\/wp-json\/wp\/v2\/comments?post=238"}],"version-history":[{"count":1,"href":"https:\/\/sites.ac-corse.fr\/daac\/wp-json\/wp\/v2\/posts\/238\/revisions"}],"predecessor-version":[{"id":350,"href":"https:\/\/sites.ac-corse.fr\/daac\/wp-json\/wp\/v2\/posts\/238\/revisions\/350"}],"wp:attachment":[{"href":"https:\/\/sites.ac-corse.fr\/daac\/wp-json\/wp\/v2\/media?parent=238"}],"wp:term":[{"taxonomy":"category","embeddable":true,"href":"https:\/\/sites.ac-corse.fr\/daac\/wp-json\/wp\/v2\/categories?post=238"},{"taxonomy":"post_tag","embeddable":true,"href":"https:\/\/sites.ac-corse.fr\/daac\/wp-json\/wp\/v2\/tags?post=238"}],"curies":[{"name":"wp","href":"https:\/\/api.w.org\/{rel}","templated":true}]}}