{"id":240,"date":"2022-01-18T11:32:00","date_gmt":"2022-01-18T10:32:00","guid":{"rendered":"https:\/\/sites.ac-corse.fr\/daac\/2022\/01\/18\/jeunes-en-librairie-cest-parti-pour-la-deuxieme-edition\/"},"modified":"2023-01-16T17:57:23","modified_gmt":"2023-01-16T16:57:23","slug":"jeunes-en-librairie-cest-parti-pour-la-deuxieme-edition","status":"publish","type":"post","link":"https:\/\/sites.ac-corse.fr\/daac\/2022\/01\/18\/jeunes-en-librairie-cest-parti-pour-la-deuxieme-edition\/","title":{"rendered":"Jeunes en librairie, c&rsquo;est parti pour la deuxi\u00e8me \u00e9dition."},"content":{"rendered":"<p>Ce dispositif s&rsquo;adresse aux coll\u00e9giens, lyc\u00e9ens et apprentis de toutes fili\u00e8res et repose sur l&rsquo;engagement d&rsquo;enseignants volontaires sur inscription de leur classe, et se base sur des partenariats entre des classes et des librairies ind\u00e9pendantes.<\/p>\n<p> Deux rencontres avec un libraire ind\u00e9pendant :<br \/>&#8211; La premi\u00e8re dans l&rsquo;\u00e9tablissement scolaire, o\u00f9 le libraire vient parler de son m\u00e9tier, de sa librairie, de la cha\u00eene du livre. <br \/>&#8211; La seconde dans la librairie, lors de la visite de la classe, o\u00f9 chaque \u00e9l\u00e8ve participant d\u00e9pense comme il le souhaite un bon d&rsquo;achat d&rsquo;une valeur de 30 \u20ac.<br \/> Une action compl\u00e9mentaire optionnelle : La classe peut b\u00e9n\u00e9ficier d&rsquo;une rencontre suppl\u00e9mentaire avec un auteur ou un autre professionnel du livre ou d&rsquo;une action de sensibilisation (ateliers d&rsquo;\u00e9criture, de lecture \u00e0 voix haute).<\/p>\n<p>Les inscriptions des classes par les enseignants s&rsquo;effectuent aupr\u00e8s de la DAAC \u00e0 l&rsquo;adresse suivante :<\/p>\n<p><a href=\"mailto:daac@ac-corse.fr\">daac@ac-corse.fr<\/a><\/p>\n<p>Concr\u00e8tement, les jeunes visiteront une librairie de proximit\u00e9 et se familiariseront avec cet environnement ; pour beaucoup, l\u2019exp\u00e9rience sera nouvelle et constituera la premi\u00e8re occasion de franchir le seuil d\u2019un commerce de livres. La m\u00e9diation et les conseils des libraires les conduiront \u00e0 acqu\u00e9rir le livre de leur choix, gr\u00e2ce \u00e0 un bon d\u2019achat ou ch\u00e8que-lire.<\/p>\n<p>Jeunes en librairie \u00bb contribuera ainsi au plan de relance de l\u2019activit\u00e9 en France et, \u00e0 plus long terme, \u00e0 la sensibilisation des jeunes aux enjeux du livre et de la lecture, ainsi qu\u2019\u00e0 l\u2019objet livre qu\u2019ils pourront s\u2019approprier.<br \/>\nhttps:\/\/sites.ac-corse.fr\/wp-content\/uploads\/sites\/33\/photo\/art\/default\/1020339-1290210.jpg<\/p>\n<p>Enjeux<br \/>\nFavoriser l\u2019acc\u00e8s au livre et d\u00e9velopper le go\u00fbt de la lecture,<\/p>\n<p>&#8211; D\u00e9couvrir ou approfondir des genres ou des domaines litt\u00e9raires divers ou particuliers,<\/p>\n<p> &#8211; Rencontrer la production litt\u00e9raire contemporaine,<\/p>\n<p> &#8211; D\u00e9velopper une posture de lecteur engag\u00e9,<\/p>\n<p> &#8211; D\u00e9couvrir la cha\u00eene des m\u00e9tiers du livre, en particulier le m\u00e9tier de libraire,<\/p>\n<p>&#8211; \u00catre capable de faire des choix \u00e9clair\u00e9s par le regard de professionnels,<\/p>\n<p>&#8211; S\u2019approprier l\u2019objet livre pour acc\u00e9der \u00e0 une lecture intime.<\/p>\n<p>T\u00e9l\u00e9charger le dossier d&rsquo;inscription<\/p>\n","protected":false},"excerpt":{"rendered":"<p>Ce dispositif s&rsquo;adresse aux coll\u00e9giens, lyc\u00e9ens et apprentis de toutes fili\u00e8res et repose sur l&rsquo;engagement d&rsquo;enseignants volontaires sur inscription de leur classe, et se base sur des partenariats entre des classes et des librairies ind\u00e9pendantes. Deux rencontres avec un libraire ind\u00e9pendant :&#8211; La premi\u00e8re dans l&rsquo;\u00e9tablissement scolaire, o\u00f9 le libraire vient parler de son m\u00e9tier, [&hellip;]<\/p>\n","protected":false},"author":84,"featured_media":0,"comment_status":"open","ping_status":"open","sticky":false,"template":"","format":"standard","meta":{"footnotes":""},"categories":[1],"tags":[],"class_list":["post-240","post","type-post","status-publish","format-standard","hentry","category-non-classe"],"_links":{"self":[{"href":"https:\/\/sites.ac-corse.fr\/daac\/wp-json\/wp\/v2\/posts\/240","targetHints":{"allow":["GET"]}}],"collection":[{"href":"https:\/\/sites.ac-corse.fr\/daac\/wp-json\/wp\/v2\/posts"}],"about":[{"href":"https:\/\/sites.ac-corse.fr\/daac\/wp-json\/wp\/v2\/types\/post"}],"author":[{"embeddable":true,"href":"https:\/\/sites.ac-corse.fr\/daac\/wp-json\/wp\/v2\/users\/84"}],"replies":[{"embeddable":true,"href":"https:\/\/sites.ac-corse.fr\/daac\/wp-json\/wp\/v2\/comments?post=240"}],"version-history":[{"count":1,"href":"https:\/\/sites.ac-corse.fr\/daac\/wp-json\/wp\/v2\/posts\/240\/revisions"}],"predecessor-version":[{"id":352,"href":"https:\/\/sites.ac-corse.fr\/daac\/wp-json\/wp\/v2\/posts\/240\/revisions\/352"}],"wp:attachment":[{"href":"https:\/\/sites.ac-corse.fr\/daac\/wp-json\/wp\/v2\/media?parent=240"}],"wp:term":[{"taxonomy":"category","embeddable":true,"href":"https:\/\/sites.ac-corse.fr\/daac\/wp-json\/wp\/v2\/categories?post=240"},{"taxonomy":"post_tag","embeddable":true,"href":"https:\/\/sites.ac-corse.fr\/daac\/wp-json\/wp\/v2\/tags?post=240"}],"curies":[{"name":"wp","href":"https:\/\/api.w.org\/{rel}","templated":true}]}}