{"id":242,"date":"2021-09-14T11:48:00","date_gmt":"2021-09-14T09:48:00","guid":{"rendered":"https:\/\/sites.ac-corse.fr\/daac\/2021\/09\/14\/dispositifs-deducation-a-limage-inscriptions-ouvertes-jusquau-8-octobre\/"},"modified":"2023-01-16T17:57:23","modified_gmt":"2023-01-16T16:57:23","slug":"dispositifs-deducation-a-limage-inscriptions-ouvertes-jusquau-8-octobre","status":"publish","type":"post","link":"https:\/\/sites.ac-corse.fr\/daac\/2021\/09\/14\/dispositifs-deducation-a-limage-inscriptions-ouvertes-jusquau-8-octobre\/","title":{"rendered":"Dispositifs d&rsquo;\u00e9ducation \u00e0 l&rsquo;image &#8211; inscriptions ouvertes jusqu&rsquo;au 8 octobre"},"content":{"rendered":"<p>Un dispositif partenarial<br \/>\nEn partenariat avec la Collectivit\u00e9 de Corse et les associations \u00ab\u00a0Studio Animation\u00a0\u00bb pour la Haute-Corse et \u00ab\u00a0Instacultura\u00a0\u00bb pour la Corse du Sud,<br \/>\u00ab\u00a0Coll\u00e8ge au cin\u00e9ma\u00a0\u00bb et \u00ab\u00a0Lyc\u00e9ens et apprentis au cin\u00e9ma\u00a0\u00bb sont des dispositifs scolaires qui s&rsquo;inscrivent dans la politique de sensibilisation et d&rsquo;\u00e9ducation artistique du jeune public conduite par le CNC.<br \/>Ils s&rsquo;adressent aux coll\u00e9giens ainsi qu&rsquo;aux \u00e9l\u00e8ves des lyc\u00e9es d&rsquo;enseignement g\u00e9n\u00e9ral et professionnel, publics et priv\u00e9s, des lyc\u00e9es agricoles et des centres de formation des apprentis (CFA).<\/p>\n<p>Dans ce cadre, les \u00e9l\u00e8ves d\u00e9couvrent des \u0153uvres cin\u00e9matographiques lors de projections organis\u00e9es sp\u00e9cialement \u00e0 leur intention dans les salles de cin\u00e9ma. Gr\u00e2ce au travail p\u00e9dagogique d&rsquo;accompagnement conduit par les enseignants et les partenaires culturels, ils se constituent les bases d&rsquo;une culture cin\u00e9matographique.<br \/>\nhttps:\/\/sites.ac-corse.fr\/wp-content\/uploads\/sites\/33\/photo\/art\/default\/1020106-1289691.jpg<\/p>\n<p>S\u2019engager dans ce dispositif<br \/>\nimplique pour le professeur :<\/p>\n<p>&#8211;\tDe suivre les journ\u00e9es de formation (une par trimestre).<br \/>&#8211;\t le film est pr\u00e9-visionn\u00e9 par les enseignants lors de cette journ\u00e9e de formation.<br \/>&#8211;\tD\u2019accompagner sa classe aux s\u00e9ances.<br \/>&#8211;\tDe r\u00e9investir dans son enseignement l\u2019aspect p\u00e9dagogique<\/p>\n<p>Les professeurs recevront leurs convocations pour les formations avec les documents pour leurs d\u00e9placements dans leurs \u00e9tablissements \u00e0 chaque trimestre.<\/p>\n<p>Le tarif pour les \u00e9l\u00e8ves est de 2,50 \u20ac par s\u00e9ance<\/p>\n<p>Inscrivez vous et demandez le programme<br \/>\nComme l&rsquo;ann\u00e9e pr\u00e9c\u00e9dente, un formulaire unique d&rsquo;inscription est utilis\u00e9 pour les coll\u00e8ges et les lyc\u00e9es de l&rsquo;acad\u00e9mie. La programmation est a t\u00e9l\u00e9charger en fonction du d\u00e9partement et du niveau coll\u00e8ge ou lyc\u00e9e.<\/p>\n<p>T\u00e9l\u00e9chargez le formulaire d&rsquo;inscription ainsi que la programmation souhait\u00e9e ci-dessous.<\/p>\n<p>Une fois le formulaire rempli, sign\u00e9 par l&rsquo;enseignant et le chef d&rsquo;\u00e9tablissement, le renvoyer par courrier ou au format num\u00e9rique \u00e0 l&rsquo;adresse indiqu\u00e9e sur le document au plus tard le : vendredi 8 octobre.<\/p>\n","protected":false},"excerpt":{"rendered":"<p>Un dispositif partenarial En partenariat avec la Collectivit\u00e9 de Corse et les associations \u00ab\u00a0Studio Animation\u00a0\u00bb pour la Haute-Corse et \u00ab\u00a0Instacultura\u00a0\u00bb pour la Corse du Sud,\u00ab\u00a0Coll\u00e8ge au cin\u00e9ma\u00a0\u00bb et \u00ab\u00a0Lyc\u00e9ens et apprentis au cin\u00e9ma\u00a0\u00bb sont des dispositifs scolaires qui s&rsquo;inscrivent dans la politique de sensibilisation et d&rsquo;\u00e9ducation artistique du jeune public conduite par le CNC.Ils s&rsquo;adressent [&hellip;]<\/p>\n","protected":false},"author":84,"featured_media":0,"comment_status":"open","ping_status":"open","sticky":false,"template":"","format":"standard","meta":{"footnotes":""},"categories":[1],"tags":[],"class_list":["post-242","post","type-post","status-publish","format-standard","hentry","category-non-classe"],"_links":{"self":[{"href":"https:\/\/sites.ac-corse.fr\/daac\/wp-json\/wp\/v2\/posts\/242","targetHints":{"allow":["GET"]}}],"collection":[{"href":"https:\/\/sites.ac-corse.fr\/daac\/wp-json\/wp\/v2\/posts"}],"about":[{"href":"https:\/\/sites.ac-corse.fr\/daac\/wp-json\/wp\/v2\/types\/post"}],"author":[{"embeddable":true,"href":"https:\/\/sites.ac-corse.fr\/daac\/wp-json\/wp\/v2\/users\/84"}],"replies":[{"embeddable":true,"href":"https:\/\/sites.ac-corse.fr\/daac\/wp-json\/wp\/v2\/comments?post=242"}],"version-history":[{"count":1,"href":"https:\/\/sites.ac-corse.fr\/daac\/wp-json\/wp\/v2\/posts\/242\/revisions"}],"predecessor-version":[{"id":354,"href":"https:\/\/sites.ac-corse.fr\/daac\/wp-json\/wp\/v2\/posts\/242\/revisions\/354"}],"wp:attachment":[{"href":"https:\/\/sites.ac-corse.fr\/daac\/wp-json\/wp\/v2\/media?parent=242"}],"wp:term":[{"taxonomy":"category","embeddable":true,"href":"https:\/\/sites.ac-corse.fr\/daac\/wp-json\/wp\/v2\/categories?post=242"},{"taxonomy":"post_tag","embeddable":true,"href":"https:\/\/sites.ac-corse.fr\/daac\/wp-json\/wp\/v2\/tags?post=242"}],"curies":[{"name":"wp","href":"https:\/\/api.w.org\/{rel}","templated":true}]}}