{"id":244,"date":"2021-08-31T11:17:00","date_gmt":"2021-08-31T09:17:00","guid":{"rendered":"https:\/\/sites.ac-corse.fr\/daac\/2021\/08\/31\/levez-les-yeux-les-journees-europeennes-du-patrimoine-edition-2021\/"},"modified":"2023-01-16T17:57:23","modified_gmt":"2023-01-16T16:57:23","slug":"levez-les-yeux-les-journees-europeennes-du-patrimoine-edition-2021","status":"publish","type":"post","link":"https:\/\/sites.ac-corse.fr\/daac\/2021\/08\/31\/levez-les-yeux-les-journees-europeennes-du-patrimoine-edition-2021\/","title":{"rendered":"Levez les yeux &#8211; Les Journ\u00e9es europ\u00e9ennes du patrimoine edition 2021"},"content":{"rendered":"<p>Le patrimoine<br \/>\nLe patrimoine pr\u00e9sente des formes tr\u00e8s diverses. On pourrait le d\u00e9finir comme l&rsquo;ensemble des biens, mat\u00e9riels ou immat\u00e9riels, ayant une importance artistique, technique et\/ou historique que l&rsquo;on veut transmettre. Civil, religieux, hospitalier, scolaire, militaire, urbain, rural, industriel, naturel, etc., le patrimoine est pr\u00e9serv\u00e9, restaur\u00e9 et montr\u00e9 au public, parfois de fa\u00e7on exceptionnelle, comme lors des Journ\u00e9es europ\u00e9ennes du patrimoine en septembre.<br \/>\u00ab Levez les yeux ! \u00bb trouvera un \u00e9cho particulier dans les 38e Journ\u00e9es europ\u00e9ennes du patrimoine dont le th\u00e8me est \u00ab Patrimoine pour tous \u00bb.<br \/>\nhttps:\/\/sites.ac-corse.fr\/wp-content\/uploads\/sites\/33\/photo\/art\/default\/1020073-1289634.jpg<\/p>\n<p>L&rsquo;op\u00e9ration<br \/>\n\u00ab Levez les yeux ! \u00bb prend appui sur des initiatives d\u00e9j\u00e0 existantes, con\u00e7ues et organis\u00e9es par un grand nombre d\u2019acteurs locaux et associatifs de d\u00e9fense du patrimoine et de valorisation de l\u2019architecture, engag\u00e9s de longue date dans des programmes de sensibilisation des jeunes publics. Parmi eux, le dispositif \u00ab Les Enfants du Patrimoine \u00bb, conduit par la F\u00e9d\u00e9ration nationale des Conseils d\u2019architecture, d\u2019urbanisme et de l\u2019environnement (FNCAUE) et soutenu par le minist\u00e8re de la Culture, qui existe depuis 10 ans en \u00cele-de-France et est \u00e9tendu depuis deux ans \u00e0 d\u2019autres territoires.<\/p>\n<p>\u00c0 l&rsquo;occasion d&rsquo;une journ\u00e9e exceptionnelle, organis\u00e9e chaque ann\u00e9e la veille des journ\u00e9es europ\u00e9ennes du Patrimoine, les CAUE (Conseil d&rsquo;Architecture, d&rsquo;Urbanisme et de l&rsquo;Environnement) et leurs nombreux partenaires se mobilisent \u00e9galement pour que les \u00e9l\u00e8ves des \u00e9coles, coll\u00e8ges et lyc\u00e9es b\u00e9n\u00e9ficient d&rsquo;un programme d&rsquo;activit\u00e9s culturelles adapt\u00e9es et gratuites.<\/p>\n<p>Cette ann\u00e9e encore, et plus que jamais apr\u00e8s parfois de longs mois de confinement, des milliers de jeunes vont pouvoir lever un \u0153il nouveau sur le patrimoine.<\/p>\n<p>Pour plus de d\u00e9tails et de renseignements<br \/>\n<a class=\"link\" href=\"https:\/\/journeesdupatrimoine.culture.gouv.fr\/evenement\/levez-les-yeux\/levez-les-yeux\">Levez les yeux<\/a> sur le site du minist\u00e8re de la Culture<\/p>\n<p><a class=\"link\" href=\"https:\/\/www.education.gouv.fr\/levez-les-yeux-le-patrimoine-en-met-plein-la-vue-des-nouveaux-rendez-vous-pour-l-education-7313\">Levez les yeux<\/a> sur le site du minist\u00e8re de l&rsquo;\u00e9ducation nationale<\/p>\n","protected":false},"excerpt":{"rendered":"<p>Le patrimoine Le patrimoine pr\u00e9sente des formes tr\u00e8s diverses. On pourrait le d\u00e9finir comme l&rsquo;ensemble des biens, mat\u00e9riels ou immat\u00e9riels, ayant une importance artistique, technique et\/ou historique que l&rsquo;on veut transmettre. Civil, religieux, hospitalier, scolaire, militaire, urbain, rural, industriel, naturel, etc., le patrimoine est pr\u00e9serv\u00e9, restaur\u00e9 et montr\u00e9 au public, parfois de fa\u00e7on exceptionnelle, comme [&hellip;]<\/p>\n","protected":false},"author":84,"featured_media":0,"comment_status":"open","ping_status":"open","sticky":false,"template":"","format":"standard","meta":{"footnotes":""},"categories":[1],"tags":[],"class_list":["post-244","post","type-post","status-publish","format-standard","hentry","category-non-classe"],"_links":{"self":[{"href":"https:\/\/sites.ac-corse.fr\/daac\/wp-json\/wp\/v2\/posts\/244","targetHints":{"allow":["GET"]}}],"collection":[{"href":"https:\/\/sites.ac-corse.fr\/daac\/wp-json\/wp\/v2\/posts"}],"about":[{"href":"https:\/\/sites.ac-corse.fr\/daac\/wp-json\/wp\/v2\/types\/post"}],"author":[{"embeddable":true,"href":"https:\/\/sites.ac-corse.fr\/daac\/wp-json\/wp\/v2\/users\/84"}],"replies":[{"embeddable":true,"href":"https:\/\/sites.ac-corse.fr\/daac\/wp-json\/wp\/v2\/comments?post=244"}],"version-history":[{"count":1,"href":"https:\/\/sites.ac-corse.fr\/daac\/wp-json\/wp\/v2\/posts\/244\/revisions"}],"predecessor-version":[{"id":356,"href":"https:\/\/sites.ac-corse.fr\/daac\/wp-json\/wp\/v2\/posts\/244\/revisions\/356"}],"wp:attachment":[{"href":"https:\/\/sites.ac-corse.fr\/daac\/wp-json\/wp\/v2\/media?parent=244"}],"wp:term":[{"taxonomy":"category","embeddable":true,"href":"https:\/\/sites.ac-corse.fr\/daac\/wp-json\/wp\/v2\/categories?post=244"},{"taxonomy":"post_tag","embeddable":true,"href":"https:\/\/sites.ac-corse.fr\/daac\/wp-json\/wp\/v2\/tags?post=244"}],"curies":[{"name":"wp","href":"https:\/\/api.w.org\/{rel}","templated":true}]}}