{"id":246,"date":"2021-06-09T10:17:00","date_gmt":"2021-06-09T08:17:00","guid":{"rendered":"https:\/\/sites.ac-corse.fr\/daac\/2021\/06\/09\/appel-a-projets-ateliers-artistiques-scientifiques-et-deducation-aux-medias-pour-2021-2022\/"},"modified":"2023-01-16T17:57:56","modified_gmt":"2023-01-16T16:57:56","slug":"appel-a-projets-ateliers-artistiques-scientifiques-et-deducation-aux-medias-pour-2021-2022","status":"publish","type":"post","link":"https:\/\/sites.ac-corse.fr\/daac\/2021\/06\/09\/appel-a-projets-ateliers-artistiques-scientifiques-et-deducation-aux-medias-pour-2021-2022\/","title":{"rendered":"Appel \u00e0 projets : ateliers artistiques, scientifiques et d&rsquo;\u00e9ducation aux m\u00e9dias pour 2021-2022"},"content":{"rendered":"<p>La campagne d&rsquo;appel \u00e0 projets pour les ateliers artistiques, scientifiques et d&rsquo;\u00e9ducation aux m\u00e9dias pour 2021-2022 est d\u00e9sormais ouverte sur (et uniquement) ADAGE.<\/p>\n<p>Compte tenu de l&rsquo;ann\u00e9e particuli\u00e8re que nous avons connue la date de cl\u00f4ture est fix\u00e9e au 30 septembre.<\/p>\n<p>Il est demand\u00e9 aux r\u00e9dacteurs de projets de toujours cocher \u00ab\u00a0oui\u00a0\u00bb dans la partie \u00ab\u00a0Atelier\u00a0\u00bb (n\u00b0 5 du formulaire) ainsi que de porter une attention particuli\u00e8re \u00e0 ce que le budget soit en \u00e9quilibre avec un reste \u00e0 financer \u00e9gal \u00e0 0 \u20ac et en inscrivant dans la champ collectivit\u00e9s territoriales la somme demand\u00e9e \u00e0 la Collectivit\u00e9 de Corse\u00a0\u00bb.<\/p>\n<p>La DAAC se tient \u00e0 votre disposition si vous avez besoin de renseignements.<\/p>\n<p>francois.de-peretti@ac-corse.fr<br \/>04 95 50 33 16<\/p>\n","protected":false},"excerpt":{"rendered":"<p>La campagne d&rsquo;appel \u00e0 projets pour les ateliers artistiques, scientifiques et d&rsquo;\u00e9ducation aux m\u00e9dias pour 2021-2022 est d\u00e9sormais ouverte sur (et uniquement) ADAGE. Compte tenu de l&rsquo;ann\u00e9e particuli\u00e8re que nous avons connue la date de cl\u00f4ture est fix\u00e9e au 30 septembre. Il est demand\u00e9 aux r\u00e9dacteurs de projets de toujours cocher \u00ab\u00a0oui\u00a0\u00bb dans la partie [&hellip;]<\/p>\n","protected":false},"author":84,"featured_media":0,"comment_status":"open","ping_status":"open","sticky":false,"template":"","format":"standard","meta":{"footnotes":""},"categories":[1],"tags":[],"class_list":["post-246","post","type-post","status-publish","format-standard","hentry","category-non-classe"],"_links":{"self":[{"href":"https:\/\/sites.ac-corse.fr\/daac\/wp-json\/wp\/v2\/posts\/246","targetHints":{"allow":["GET"]}}],"collection":[{"href":"https:\/\/sites.ac-corse.fr\/daac\/wp-json\/wp\/v2\/posts"}],"about":[{"href":"https:\/\/sites.ac-corse.fr\/daac\/wp-json\/wp\/v2\/types\/post"}],"author":[{"embeddable":true,"href":"https:\/\/sites.ac-corse.fr\/daac\/wp-json\/wp\/v2\/users\/84"}],"replies":[{"embeddable":true,"href":"https:\/\/sites.ac-corse.fr\/daac\/wp-json\/wp\/v2\/comments?post=246"}],"version-history":[{"count":1,"href":"https:\/\/sites.ac-corse.fr\/daac\/wp-json\/wp\/v2\/posts\/246\/revisions"}],"predecessor-version":[{"id":358,"href":"https:\/\/sites.ac-corse.fr\/daac\/wp-json\/wp\/v2\/posts\/246\/revisions\/358"}],"wp:attachment":[{"href":"https:\/\/sites.ac-corse.fr\/daac\/wp-json\/wp\/v2\/media?parent=246"}],"wp:term":[{"taxonomy":"category","embeddable":true,"href":"https:\/\/sites.ac-corse.fr\/daac\/wp-json\/wp\/v2\/categories?post=246"},{"taxonomy":"post_tag","embeddable":true,"href":"https:\/\/sites.ac-corse.fr\/daac\/wp-json\/wp\/v2\/tags?post=246"}],"curies":[{"name":"wp","href":"https:\/\/api.w.org\/{rel}","templated":true}]}}