{"id":247,"date":"2021-05-03T09:30:00","date_gmt":"2021-05-03T07:30:00","guid":{"rendered":"https:\/\/sites.ac-corse.fr\/daac\/2021\/05\/03\/prix-goncourt-des-lyceens-edition-2021-cest-parti\/"},"modified":"2023-01-16T17:57:56","modified_gmt":"2023-01-16T16:57:56","slug":"prix-goncourt-des-lyceens-edition-2021-cest-parti","status":"publish","type":"post","link":"https:\/\/sites.ac-corse.fr\/daac\/2021\/05\/03\/prix-goncourt-des-lyceens-edition-2021-cest-parti\/","title":{"rendered":"\u00ab\u00a0Prix Goncourt des lyc\u00e9ens\u00a0\u00bb \u00e9dition 2021, c&rsquo;est parti !"},"content":{"rendered":"<p>L&rsquo;appel \u00e0 candidatures pour l&rsquo;\u00e9dition 2021 est lanc\u00e9, inscriptions ouvertes du 3 mai au 6 juin<br \/>\nLe minist\u00e8re charg\u00e9 de l&rsquo;\u00c9ducation nationale organise en partenariat avec la Fnac, l&rsquo;association Bruit de lire et le R\u00e9seau Canop\u00e9 le Prix Goncourt des lyc\u00e9ens sous le haut patronage de l&rsquo;Acad\u00e9mie Goncourt. L&rsquo;objectif est de faire d\u00e9couvrir aux lyc\u00e9ens la litt\u00e9rature contemporaine et de susciter l&rsquo;envie de lire. L&rsquo;appel \u00e0 candidatures pour le Prix Goncourt des Lyc\u00e9ens 2021 est ouvert du 3 mai au 6 juin.<br \/>\nhttps:\/\/sites.ac-corse.fr\/wp-content\/uploads\/sites\/33\/photo\/art\/default\/1019755-1288959.jpg<\/p>\n<p>Calendrier<br \/>\ndu 3 mai au 6 juin 2021 : appel \u00e0 candidatures<\/p>\n<p> du 15 au 21 juin : les candidatures sont soumises au DAAC puis aux partenaires du Prix pour la s\u00e9lection des \u00e9tablissements participants<br \/> \u00e0 partir du 22 juin : communication aux lyc\u00e9es candidats<\/p>\n<p> du 25 juin au 15 septembre 2021 : formations des enseignants par visioconf\u00e9rences<\/p>\n<p> entre le 2 et le 7 septembre 2021 : annonce de la s\u00e9lection du Goncourt par les acad\u00e9miciens de l\u2019acad\u00e9mie Goncourt<\/p>\n<p> septembre 2021 : r\u00e9cup\u00e9ration d&rsquo;un premier jeu de livres dans la Fnac la plus proche<br \/> septembre 2021 : livraison dans les \u00e9tablissements du reste de lots de livres fournis par la Fnac<\/p>\n<p> novembre 2021 : rencontres r\u00e9gionales (en distanciel si la situation sanitaire le n\u00e9cessitait)<br \/> mardi 2 novembre 2021 : annonce du laur\u00e9at du Goncourt par les acad\u00e9miciens<br \/> lundi 22 novembre 2021 : d\u00e9lib\u00e9rations r\u00e9gionales<br \/> jeudi 25 novembre 2021 : d\u00e9lib\u00e9rations nationales (en distanciel si la situation sanitaire le n\u00e9cessitait) et annonce du laur\u00e9at du Goncourt des lyc\u00e9ens<br \/> 9 et 10 d\u00e9cembre 2021 : rencontres nationales de Rennes<\/p>\n<p>Documents et liens<br \/>\nTous les renseignements dans les liens et le mode d&#8217;emploi t\u00e9l\u00e9chargeable ci-dessous.<br \/><a class=\"link\" href=\"https:\/\/eduscol.education.fr\/1914\/prix-goncourt-des-lyceens\"><br \/>\u00e9duscol<\/a><br \/><a class=\"link\" href=\"https:\/\/www.education.gouv.fr\/le-prix-goncourt-des-lyceens-7637\"><br \/>www.education.gouv.fr<\/a><\/p>\n","protected":false},"excerpt":{"rendered":"<p>L&rsquo;appel \u00e0 candidatures pour l&rsquo;\u00e9dition 2021 est lanc\u00e9, inscriptions ouvertes du 3 mai au 6 juin Le minist\u00e8re charg\u00e9 de l&rsquo;\u00c9ducation nationale organise en partenariat avec la Fnac, l&rsquo;association Bruit de lire et le R\u00e9seau Canop\u00e9 le Prix Goncourt des lyc\u00e9ens sous le haut patronage de l&rsquo;Acad\u00e9mie Goncourt. L&rsquo;objectif est de faire d\u00e9couvrir aux lyc\u00e9ens [&hellip;]<\/p>\n","protected":false},"author":84,"featured_media":0,"comment_status":"open","ping_status":"open","sticky":false,"template":"","format":"standard","meta":{"footnotes":""},"categories":[1],"tags":[],"class_list":["post-247","post","type-post","status-publish","format-standard","hentry","category-non-classe"],"_links":{"self":[{"href":"https:\/\/sites.ac-corse.fr\/daac\/wp-json\/wp\/v2\/posts\/247","targetHints":{"allow":["GET"]}}],"collection":[{"href":"https:\/\/sites.ac-corse.fr\/daac\/wp-json\/wp\/v2\/posts"}],"about":[{"href":"https:\/\/sites.ac-corse.fr\/daac\/wp-json\/wp\/v2\/types\/post"}],"author":[{"embeddable":true,"href":"https:\/\/sites.ac-corse.fr\/daac\/wp-json\/wp\/v2\/users\/84"}],"replies":[{"embeddable":true,"href":"https:\/\/sites.ac-corse.fr\/daac\/wp-json\/wp\/v2\/comments?post=247"}],"version-history":[{"count":1,"href":"https:\/\/sites.ac-corse.fr\/daac\/wp-json\/wp\/v2\/posts\/247\/revisions"}],"predecessor-version":[{"id":359,"href":"https:\/\/sites.ac-corse.fr\/daac\/wp-json\/wp\/v2\/posts\/247\/revisions\/359"}],"wp:attachment":[{"href":"https:\/\/sites.ac-corse.fr\/daac\/wp-json\/wp\/v2\/media?parent=247"}],"wp:term":[{"taxonomy":"category","embeddable":true,"href":"https:\/\/sites.ac-corse.fr\/daac\/wp-json\/wp\/v2\/categories?post=247"},{"taxonomy":"post_tag","embeddable":true,"href":"https:\/\/sites.ac-corse.fr\/daac\/wp-json\/wp\/v2\/tags?post=247"}],"curies":[{"name":"wp","href":"https:\/\/api.w.org\/{rel}","templated":true}]}}