{"id":248,"date":"2021-03-11T09:13:00","date_gmt":"2021-03-11T08:13:00","guid":{"rendered":"https:\/\/sites.ac-corse.fr\/daac\/2021\/03\/11\/concours-si-on-lisait-a-voix-haute-palmares-de-lacademie-de-corse-lola-et-lena-en-demi-finale\/"},"modified":"2023-01-16T17:57:56","modified_gmt":"2023-01-16T16:57:56","slug":"concours-si-on-lisait-a-voix-haute-palmares-de-lacademie-de-corse-lola-et-lena-en-demi-finale","status":"publish","type":"post","link":"https:\/\/sites.ac-corse.fr\/daac\/2021\/03\/11\/concours-si-on-lisait-a-voix-haute-palmares-de-lacademie-de-corse-lola-et-lena-en-demi-finale\/","title":{"rendered":"Concours \u00ab\u00a0Si on lisait \u00e0 voix haute\u00a0\u00bb &#8211; Palmar\u00e8s de l&rsquo;acad\u00e9mie de Corse. Lola et Lena en demi-finale."},"content":{"rendered":"<p>Durant les vacances scolaires d&rsquo;hiver, les membre du jury (voir composition ci-dessous) ont pu s\u00e9par\u00e9ment \u00e9valuer les prestations des candidats en vid\u00e9o puis \u00e9changer longuement afin d&rsquo;aboutir \u00e0 un classement.<br \/>Le jury a \u00e9galement soulign\u00e9 que les prestations des \u00e9l\u00e8ves \u00e9taient dans l&rsquo;ensemble de bonne qualit\u00e9 et tient \u00e0 f\u00e9liciter les participants, \u00e9l\u00e8ves et enseignants pour leur participation et leur investissement.<\/p>\n<p>Lola Michon premi\u00e8re dans la cat\u00e9gorie \u00ab\u00a0Coll\u00e8ge\u00a0\u00bb<br \/>\nDans la cat\u00e9gorie coll\u00e8ge, sur les treize candidats retenus, c&rsquo;est <b>Lola Michon<\/b>, \u00e9l\u00e8ve de 4\u00e8me au coll\u00e8ge L\u00e9on Boujot de Porto-Vecchio, (avec un extrait du \u00ab\u00a0Petit Prince\u00a0\u00bb de St Exup\u00e9ry), qui l&#8217;emporte devant<b> Emma Arena<\/b> apr\u00e8s un second tour de d\u00e9lib\u00e9ration, les deux \u00e9l\u00e8ves \u00e9tant premi\u00e8res ex-aequo \u00e0 l&rsquo;issue du premier tour. <b>Hugo Lovich<\/b>i et <b>Alexis Berenger-Stubbe<\/b> suivent en 3\u00e8me et 4\u00e8me position.<br \/>\nhttps:\/\/sites.ac-corse.fr\/wp-content\/uploads\/sites\/33\/photo\/art\/default\/1019397-1288233.jpg<\/p>\n<p>Lena Seassari l&#8217;emporte dans la cat\u00e9gorie \u00ab\u00a0Lyc\u00e9e\u00a0\u00bb<br \/>\nDans la cat\u00e9gorie Lyc\u00e9e, sur les neuf candidats en comp\u00e9tition, il a \u00e9galement fallu un deuxi\u00e8me tour au jury pour d\u00e9partager les candidates arriv\u00e9es ex-aequo, et c&rsquo;est finalement<b> Lena Seassari<\/b> du lyc\u00e9e Giocante de Casabianca, (avec un extrait des \u00ab\u00a0Lettres de mon moulin\u00a0\u00bb d&rsquo;Alphonse Daudet) qui l&#8217;emporte devant <b>Lena-Maria Bruna<\/b>. A la troisi\u00e8me place nous trouvons <b>Milio Antonelli<\/b> suivi par <b>Lise Ollivry<\/b> 4\u00e8me.<br \/>\nhttps:\/\/sites.ac-corse.fr\/wp-content\/uploads\/sites\/33\/photo\/art\/default\/1019397-1288234.jpg<\/p>\n<p><b>Lola Michon<\/b> et <b>Lena Seassari<\/b> seront donc les deux repr\u00e9sentantes pour l&rsquo;acad\u00e9mie de Corse lors des demi-finales et en comp\u00e9tition d\u00e9sormais avec les vainqueurs de toutes les acad\u00e9mies qui seront jug\u00e9s par un jury national.<\/p>\n<p>F\u00e9licitations \u00e0 tous les \u00e9l\u00e8ves qui ont particip\u00e9 et aux enseignants qui se sont mobilis\u00e9s en cette p\u00e9riode difficile pour permettre \u00e0 leurs \u00e9l\u00e8ves de participer \u00e0 cette belle op\u00e9ration.<\/p>\n<p>Composition du jury :<\/p>\n<p><b>Michel Piferini<\/b>, d\u00e9l\u00e9gu\u00e9 acad\u00e9mique \u00e0 l&rsquo;action culturelle, <b>Fran\u00e7ois de Peretti,<\/b> charg\u00e9 de mission E.A.C., <b>Pauline Galli-Andreani<\/b>, I.A-I.P.R. de Lettres, <b>Marie-Claire Bicchieray<\/b> et <b>Nicolas Tainturier-Tomasini<\/b>, respectivement directrice adjointe et chef de service du livre et lecture publique \u00e0 la Collectivit\u00e9 de Corse.<\/p>\n<p><a class=\"link\" href=\"https:\/\/www.lumni.fr\/article\/les-demi-finalistes-du-concours-de-lecture-a-voix-haute#containerType=folder&amp;containerSlug=la-grande-librairie-concours-de-lecture-a-voix-haute\">Palmar\u00e8s national<\/a><\/p>\n","protected":false},"excerpt":{"rendered":"<p>Durant les vacances scolaires d&rsquo;hiver, les membre du jury (voir composition ci-dessous) ont pu s\u00e9par\u00e9ment \u00e9valuer les prestations des candidats en vid\u00e9o puis \u00e9changer longuement afin d&rsquo;aboutir \u00e0 un classement.Le jury a \u00e9galement soulign\u00e9 que les prestations des \u00e9l\u00e8ves \u00e9taient dans l&rsquo;ensemble de bonne qualit\u00e9 et tient \u00e0 f\u00e9liciter les participants, \u00e9l\u00e8ves et enseignants pour [&hellip;]<\/p>\n","protected":false},"author":84,"featured_media":0,"comment_status":"open","ping_status":"open","sticky":false,"template":"","format":"standard","meta":{"footnotes":""},"categories":[1],"tags":[],"class_list":["post-248","post","type-post","status-publish","format-standard","hentry","category-non-classe"],"_links":{"self":[{"href":"https:\/\/sites.ac-corse.fr\/daac\/wp-json\/wp\/v2\/posts\/248","targetHints":{"allow":["GET"]}}],"collection":[{"href":"https:\/\/sites.ac-corse.fr\/daac\/wp-json\/wp\/v2\/posts"}],"about":[{"href":"https:\/\/sites.ac-corse.fr\/daac\/wp-json\/wp\/v2\/types\/post"}],"author":[{"embeddable":true,"href":"https:\/\/sites.ac-corse.fr\/daac\/wp-json\/wp\/v2\/users\/84"}],"replies":[{"embeddable":true,"href":"https:\/\/sites.ac-corse.fr\/daac\/wp-json\/wp\/v2\/comments?post=248"}],"version-history":[{"count":1,"href":"https:\/\/sites.ac-corse.fr\/daac\/wp-json\/wp\/v2\/posts\/248\/revisions"}],"predecessor-version":[{"id":360,"href":"https:\/\/sites.ac-corse.fr\/daac\/wp-json\/wp\/v2\/posts\/248\/revisions\/360"}],"wp:attachment":[{"href":"https:\/\/sites.ac-corse.fr\/daac\/wp-json\/wp\/v2\/media?parent=248"}],"wp:term":[{"taxonomy":"category","embeddable":true,"href":"https:\/\/sites.ac-corse.fr\/daac\/wp-json\/wp\/v2\/categories?post=248"},{"taxonomy":"post_tag","embeddable":true,"href":"https:\/\/sites.ac-corse.fr\/daac\/wp-json\/wp\/v2\/tags?post=248"}],"curies":[{"name":"wp","href":"https:\/\/api.w.org\/{rel}","templated":true}]}}