{"id":251,"date":"2020-12-17T09:13:00","date_gmt":"2020-12-17T08:13:00","guid":{"rendered":"https:\/\/sites.ac-corse.fr\/daac\/2020\/12\/17\/concours-la-flamme-de-legalite-edition-2020-2021\/"},"modified":"2023-01-16T17:57:56","modified_gmt":"2023-01-16T16:57:56","slug":"concours-la-flamme-de-legalite-edition-2020-2021","status":"publish","type":"post","link":"https:\/\/sites.ac-corse.fr\/daac\/2020\/12\/17\/concours-la-flamme-de-legalite-edition-2020-2021\/","title":{"rendered":"Concours La Flamme de l&rsquo;\u00e9galit\u00e9 \u00e9dition 2020-2021"},"content":{"rendered":"<p>Th\u00e8me du concours<br \/>\nApr\u00e8s <b>\u00ab\u00a0Devenir libre\u00a0\u00bb<\/b> en 2019-2020, le th\u00e8me du concours 2020-2021 est : <b>\u00ab\u00a0Esclavage et traites : des crimes contre l\u2019humanit\u00e9\u00a0\u00bb.<br \/><\/b><br \/>S&rsquo;appuyant sur l&rsquo;Histoire de la traite, de l&rsquo;esclavage et de leurs abolitions, \u00ab\u00a0la Flamme de l&rsquo;\u00c9galit\u00e9\u00a0\u00bb permet aux \u00e9l\u00e8ves de mener une r\u00e9flexion citoyenne, tout au long de l&rsquo;ann\u00e9e scolaire, en explorant, \u00e9tudiant, interpr\u00e9tant, d\u00e9veloppant et analysant des \u00e9v\u00e9nements, des archives et des faits historiques pouvant \u00e9galement s&rsquo;inscrire dans des ancrages locaux. Ils peuvent s&rsquo;int\u00e9resser \u00e0 des lieux de m\u00e9moire, des acteurs et des images, des \u0153uvres litt\u00e9raires ou artistiques, des discours, citations et d\u00e9bats, des proc\u00e8s ou chroniques r\u00e9gionales, des lois ou r\u00e8glements, des parcours individuels et des figures connues ou oubli\u00e9es embl\u00e9matiques.<br \/>\nhttps:\/\/sites.ac-corse.fr\/wp-content\/uploads\/sites\/33\/photo\/art\/default\/1018978-1287460.jpg<\/p>\n<p>\u00c9l\u00e8ves concern\u00e9s<br \/>\nLe concours est ouvert aux \u00e9l\u00e8ves des \u00e9coles \u00e9l\u00e9mentaires ainsi que des \u00e9tablissements d&rsquo;enseignement du 2nd degr\u00e9, publics et priv\u00e9s sous contrat.<\/p>\n<p>Le concours comporte trois cat\u00e9gories de participation :<\/p>\n<p> &#8211; \u00e9l\u00e9mentaire ;<br \/> &#8211; coll\u00e8ge ;<br \/> &#8211; lyc\u00e9e.<\/p>\n<p><b>Inscriptions<\/b><\/p>\n<p>Inscriptions sur le portail officiel du concours pendant la p\u00e9riode indiqu\u00e9e par le r\u00e8glement annuel.<\/p>\n<p>Autour d&rsquo;un travail de m\u00e9moire et d&rsquo;histoire, il est propos\u00e9 aux \u00e9l\u00e8ves de r\u00e9aliser collectivement une production de forme libre (t\u00e9moignage, dessin, texte lu, chanson, spectacle, exposition, bande-dessin\u00e9e, vid\u00e9o, etc.). Quelle que soit la forme d&rsquo;expression choisie, ce projet devra \u00eatre transmis sous la forme d&rsquo;un fichier num\u00e9rique selon les modalit\u00e9s techniques et le calendrier pr\u00e9cis\u00e9s dans le r\u00e8glement.<\/p>\n<p>Calendrier du concours<br \/>\n<b>Jusqu&rsquo;au 10 mars 2021<\/b> : Participation au concours avec d\u00e9p\u00f4t du dossier num\u00e9rique de candidature sur le site www.laflammedelegalite.org<\/p>\n<p><b>Mardi 6 avril 2021<\/b> : annonce des laur\u00e9ats acad\u00e9miques s\u00e9lectionn\u00e9s<\/p>\n<p><b>Vendredi 23 avril 2021<\/b> : Publication du palmar\u00e8s national sur le site du concours.<\/p>\n<p><b>Lundi 10 mai 2021<\/b> : C\u00e9r\u00e9monie nationale de remise des prix \u00e0 l&rsquo;occasion de la Journ\u00e9e nationale des m\u00e9moires de la traite, de l&rsquo;esclavage et de leurs abolition.<\/p>\n<p>Les liens<br \/>\n<a class=\"link\" href=\"https:\/\/www.laflammedelegalite.org\/\">Portail officiel du concours<\/a><\/p>\n<p><a class=\"link\" href=\"https:\/\/eduscol.education.fr\/1825\/concours-la-flamme-de-l-egalite\">Le concours sur Eduscol<\/a><\/p>\n","protected":false},"excerpt":{"rendered":"<p>Th\u00e8me du concours Apr\u00e8s \u00ab\u00a0Devenir libre\u00a0\u00bb en 2019-2020, le th\u00e8me du concours 2020-2021 est : \u00ab\u00a0Esclavage et traites : des crimes contre l\u2019humanit\u00e9\u00a0\u00bb.S&rsquo;appuyant sur l&rsquo;Histoire de la traite, de l&rsquo;esclavage et de leurs abolitions, \u00ab\u00a0la Flamme de l&rsquo;\u00c9galit\u00e9\u00a0\u00bb permet aux \u00e9l\u00e8ves de mener une r\u00e9flexion citoyenne, tout au long de l&rsquo;ann\u00e9e scolaire, en explorant, \u00e9tudiant, [&hellip;]<\/p>\n","protected":false},"author":84,"featured_media":0,"comment_status":"open","ping_status":"open","sticky":false,"template":"","format":"standard","meta":{"footnotes":""},"categories":[1],"tags":[],"class_list":["post-251","post","type-post","status-publish","format-standard","hentry","category-non-classe"],"_links":{"self":[{"href":"https:\/\/sites.ac-corse.fr\/daac\/wp-json\/wp\/v2\/posts\/251","targetHints":{"allow":["GET"]}}],"collection":[{"href":"https:\/\/sites.ac-corse.fr\/daac\/wp-json\/wp\/v2\/posts"}],"about":[{"href":"https:\/\/sites.ac-corse.fr\/daac\/wp-json\/wp\/v2\/types\/post"}],"author":[{"embeddable":true,"href":"https:\/\/sites.ac-corse.fr\/daac\/wp-json\/wp\/v2\/users\/84"}],"replies":[{"embeddable":true,"href":"https:\/\/sites.ac-corse.fr\/daac\/wp-json\/wp\/v2\/comments?post=251"}],"version-history":[{"count":1,"href":"https:\/\/sites.ac-corse.fr\/daac\/wp-json\/wp\/v2\/posts\/251\/revisions"}],"predecessor-version":[{"id":363,"href":"https:\/\/sites.ac-corse.fr\/daac\/wp-json\/wp\/v2\/posts\/251\/revisions\/363"}],"wp:attachment":[{"href":"https:\/\/sites.ac-corse.fr\/daac\/wp-json\/wp\/v2\/media?parent=251"}],"wp:term":[{"taxonomy":"category","embeddable":true,"href":"https:\/\/sites.ac-corse.fr\/daac\/wp-json\/wp\/v2\/categories?post=251"},{"taxonomy":"post_tag","embeddable":true,"href":"https:\/\/sites.ac-corse.fr\/daac\/wp-json\/wp\/v2\/tags?post=251"}],"curies":[{"name":"wp","href":"https:\/\/api.w.org\/{rel}","templated":true}]}}