{"id":252,"date":"2020-11-20T10:43:00","date_gmt":"2020-11-20T09:43:00","guid":{"rendered":"https:\/\/sites.ac-corse.fr\/daac\/2020\/11\/20\/9-eme-edition-du-prix-de-laudace-artistique-et-culturelle-inscriptions-jusquau-29-janvier-2021\/"},"modified":"2023-01-16T17:57:56","modified_gmt":"2023-01-16T16:57:56","slug":"9-eme-edition-du-prix-de-laudace-artistique-et-culturelle-inscriptions-jusquau-29-janvier-2021","status":"publish","type":"post","link":"https:\/\/sites.ac-corse.fr\/daac\/2020\/11\/20\/9-eme-edition-du-prix-de-laudace-artistique-et-culturelle-inscriptions-jusquau-29-janvier-2021\/","title":{"rendered":"9 \u00e8me \u00e9dition du Prix de l\u2019Audace artistique et culturelle : inscriptions jusqu&rsquo;au 29 janvier 2021"},"content":{"rendered":"<p>Le Prix de l&rsquo;Audace artistique et culturelle permet de distinguer un trin\u00f4me \u00ab\u00a0partenaire culturel-\u00e9tablissement scolaire-collectivit\u00e9 territoriale\u00a0\u00bb portant un projet d&rsquo;\u00e9ducation artistique et culturelle exemplaire en faveur de l&rsquo;acc\u00e8s des jeunes aux arts et \u00e0 la culture. <\/p>\n<p>Les projets d&rsquo;\u00e9ducation artistique et culturelle pr\u00e9sent\u00e9s dans ce cadre peuvent concerner tous les domaines d&rsquo;expression artistique et toutes les dimensions de la culture.<br \/>\nhttps:\/\/sites.ac-corse.fr\/wp-content\/uploads\/sites\/33\/photo\/art\/default\/1018961-1287409.jpg<\/p>\n<p>Organisation<br \/>\nDans chaque acad\u00e9mie, le d\u00e9l\u00e9gu\u00e9 acad\u00e9mique \u00e0 l&rsquo;\u00e9ducation artistique et \u00e0 l&rsquo;action culturelle (DAAC), le directeur r\u00e9gional des affaires culturelles (DRAC) et, le cas \u00e9ch\u00e9ant, le charg\u00e9 de mission culture de la direction r\u00e9gionale de l&rsquo;alimentation, de l&rsquo;agriculture et de la for\u00eat (DRAAF) s\u00e9lectionnent trois projets d&rsquo;\u00e9ducation artistique et culturelle exemplaires d\u00e9velopp\u00e9s au sein de leur territoire dans chacun des niveaux : \u00e9cole, coll\u00e8ge et lyc\u00e9e.<\/p>\n<p>Le secr\u00e9tariat du Prix fait une premi\u00e8re s\u00e9lection de 15 dossiers. Il est constitu\u00e9 de repr\u00e9sentants des minist\u00e8res de l&rsquo;\u00c9ducation nationale et de la Jeunesse, de la Culture, de l&rsquo;Agriculture et de l&rsquo;Alimentation et de repr\u00e9sentants de la fondation Culture &amp; Diversit\u00e9.<\/p>\n<p>Un jury d&rsquo;environ 20 personnes s\u00e9lectionne les 3 laur\u00e9ats du Prix, chacun \u00e9tant constitu\u00e9 par le trin\u00f4me \u00ab\u00a0\u00e9tablissement scolaire &#8211; partenaire culturel &#8211; collectivit\u00e9 territoriale\u00a0\u00bb.<\/p>\n<p>Trois troph\u00e9es et trois dotations : 7500 \u20ac pour chacun des laur\u00e9ats \u00e9cole &#8211; coll\u00e8ge &#8211; lyc\u00e9e afin de d\u00e9velopper leurs projets.<\/p>\n<p>Objectifs p\u00e9dagogiques<br \/>\n&#8211; En termes de rencontres : favoriser la rencontre avec les oeuvres, les artistes et les propositions culturelles du territoire, dans une d\u00e9marche de sensibilisation ;<br \/>&#8211; En termes de pratique : utiliser des techniques d&rsquo;expression artistique adapt\u00e9es \u00e0 une production, mettre en oeuvre un processus de cr\u00e9ation, r\u00e9fl\u00e9chir sur sa pratique, s&rsquo;int\u00e9grer dans un processus collectif, aboutir \u00e0 une r\u00e9alisation restituant la d\u00e9marche de projet artistique et culturel dans une forme aboutie ou non ;<br \/>&#8211; En termes de connaissances : acqu\u00e9rir, en lien avec les apprentissages, un langage culturel permettant de d\u00e9velopper un sens critique, de mettre en relation et de mobiliser ses connaissances et savoirs.<\/p>\n<p>Modalit\u00e9s de participation et calendrier<br \/>\n<b>Novembre 2020 :<\/b> lancement du Prix<br \/><b><br \/>Jusqu&rsquo;au 29 janvier 2021 :<\/b> envoi des dossiers de candidature par les porteurs de projets aux d\u00e9l\u00e9gu\u00e9s acad\u00e9miques \u00e0 l&rsquo;\u00e9ducation artistique et \u00e0 l&rsquo;action culturelle (DAAC) Dans chaque acad\u00e9mie, le d\u00e9l\u00e9gu\u00e9 acad\u00e9mique \u00e0 l&rsquo;\u00e9ducation artistique et \u00e0 l&rsquo;action culturelle (DAAC), le directeur r\u00e9gional des affaires culturelles (DRAC) et le cas \u00e9ch\u00e9ant le charg\u00e9 de mission culture de la direction r\u00e9gionale de l&rsquo;alimentation, de l&rsquo;agriculture et de la for\u00eat (DRAAF) s\u00e9lectionnent trois projets (un par niveau : \u00e9cole\/coll\u00e8ge\/lyc\u00e9e) exemplaires d\u00e9velopp\u00e9s au sein de leur territoire, en fonction de crit\u00e8res pr\u00e9cis<\/p>\n<p><b>Mars 2021<\/b> (dates \u00e0 pr\u00e9ciser) : s\u00e9lection de 15 projets finalistes par le Secr\u00e9tariat du Prix, compos\u00e9 de repr\u00e9sentants des minist\u00e8res de l&rsquo;\u00c9ducation nationale, de la Culture, de l&rsquo;Agriculture et de la fondation Culture &amp; Diversit\u00e9<\/p>\n<p><b>Avril 2021<\/b> : r\u00e9union du jury, compos\u00e9 de 20 personnes environ, et s\u00e9lection des 3 prix (un par niveau : \u00e9cole\/coll\u00e8ge\/lyc\u00e9e) parmi les 15 projets finalistes<\/p>\n<p><b>Juin 2021 :<\/b> c\u00e9r\u00e9monie de remise des prix organis\u00e9e \u00e0 Paris<\/p>\n<p>Plus de renseignements et de documents dans les liens ci-dessous<br \/>\n<a class=\"link\" href=\"https:\/\/eduscol.education.fr\/1850\/prix-de-l-audace-artistique-et-culturelle\">Prix de l&rsquo;Audace artistique et culturelle sur Eduscol<\/a><\/p>\n<p><a class=\"link\" href=\"https:\/\/www.education.gouv.fr\/prix-de-l-audace-artistique-et-culturelle-12467\">Prix de l&rsquo;Audace artistique et culturelle Education.gouv<\/a><\/p>\n","protected":false},"excerpt":{"rendered":"<p>Le Prix de l&rsquo;Audace artistique et culturelle permet de distinguer un trin\u00f4me \u00ab\u00a0partenaire culturel-\u00e9tablissement scolaire-collectivit\u00e9 territoriale\u00a0\u00bb portant un projet d&rsquo;\u00e9ducation artistique et culturelle exemplaire en faveur de l&rsquo;acc\u00e8s des jeunes aux arts et \u00e0 la culture. Les projets d&rsquo;\u00e9ducation artistique et culturelle pr\u00e9sent\u00e9s dans ce cadre peuvent concerner tous les domaines d&rsquo;expression artistique et toutes [&hellip;]<\/p>\n","protected":false},"author":84,"featured_media":0,"comment_status":"open","ping_status":"open","sticky":false,"template":"","format":"standard","meta":{"footnotes":""},"categories":[1],"tags":[],"class_list":["post-252","post","type-post","status-publish","format-standard","hentry","category-non-classe"],"_links":{"self":[{"href":"https:\/\/sites.ac-corse.fr\/daac\/wp-json\/wp\/v2\/posts\/252","targetHints":{"allow":["GET"]}}],"collection":[{"href":"https:\/\/sites.ac-corse.fr\/daac\/wp-json\/wp\/v2\/posts"}],"about":[{"href":"https:\/\/sites.ac-corse.fr\/daac\/wp-json\/wp\/v2\/types\/post"}],"author":[{"embeddable":true,"href":"https:\/\/sites.ac-corse.fr\/daac\/wp-json\/wp\/v2\/users\/84"}],"replies":[{"embeddable":true,"href":"https:\/\/sites.ac-corse.fr\/daac\/wp-json\/wp\/v2\/comments?post=252"}],"version-history":[{"count":1,"href":"https:\/\/sites.ac-corse.fr\/daac\/wp-json\/wp\/v2\/posts\/252\/revisions"}],"predecessor-version":[{"id":364,"href":"https:\/\/sites.ac-corse.fr\/daac\/wp-json\/wp\/v2\/posts\/252\/revisions\/364"}],"wp:attachment":[{"href":"https:\/\/sites.ac-corse.fr\/daac\/wp-json\/wp\/v2\/media?parent=252"}],"wp:term":[{"taxonomy":"category","embeddable":true,"href":"https:\/\/sites.ac-corse.fr\/daac\/wp-json\/wp\/v2\/categories?post=252"},{"taxonomy":"post_tag","embeddable":true,"href":"https:\/\/sites.ac-corse.fr\/daac\/wp-json\/wp\/v2\/tags?post=252"}],"curies":[{"name":"wp","href":"https:\/\/api.w.org\/{rel}","templated":true}]}}