{"id":255,"date":"2020-10-06T15:51:00","date_gmt":"2020-10-06T13:51:00","guid":{"rendered":"https:\/\/sites.ac-corse.fr\/daac\/2020\/10\/06\/lancement-de-ledition-2020-2021-de-lappel-a-projets-e-so-vite-facenu-a-nostra-storia-leurs-vies-font-notre-histoire\/"},"modified":"2023-01-16T17:57:56","modified_gmt":"2023-01-16T16:57:56","slug":"lancement-de-ledition-2020-2021-de-lappel-a-projets-e-so-vite-facenu-a-nostra-storia-leurs-vies-font-notre-histoire","status":"publish","type":"post","link":"https:\/\/sites.ac-corse.fr\/daac\/2020\/10\/06\/lancement-de-ledition-2020-2021-de-lappel-a-projets-e-so-vite-facenu-a-nostra-storia-leurs-vies-font-notre-histoire\/","title":{"rendered":"Lancement de l\u2019\u00e9dition 2020\/2021 de l\u2019appel \u00e0 projets \u00ab\u00a0E so vite facenu a nostra storia \u2013 leurs vies font notre histoire\u00a0\u00bb"},"content":{"rendered":"<p>L\u2019appel \u00e0 projets sera ouvert du 6 octobre au 4 novembre 2020.<br \/>\nLes candidatures (fiches pr\u00e9sent\u00e9es en annexe) devront \u00eatre retourn\u00e9es par courrier \u00e9lectronique ou par voie postale au service instructeur de la Collectivit\u00e9 de Corse, au plus tard 4 novembre \u00e0 minuit.<\/p>\n<p>Entre le 5 et le 12 novembre 2020, la Collectivit\u00e9 de Corse r\u00e9unira un comit\u00e9 territorial de s\u00e9lection constitu\u00e9 de repr\u00e9sentants de l\u2019\u00c9ducation nationale et de la Collectivit\u00e9 de Corse.<br \/>Le comit\u00e9 aura pour mission, si le nombre d\u2019inscriptions d\u00e9passe les 9 candidatures, de s\u00e9lectionner les projets re\u00e7us.<br \/>Les projets s\u00e9lectionn\u00e9s recevront une notification de la Collectivit\u00e9 de Corse d\u00e8s que celle-ci aura proc\u00e9d\u00e9 au vote de son Budget primitif.<br \/>\nhttps:\/\/sites.ac-corse.fr\/wp-content\/uploads\/sites\/33\/photo\/art\/default\/1018598-1286695.jpg<\/p>\n<p>Lien vers le site de la Collectivit\u00e9 de Corse et documents \u00e0 t\u00e9l\u00e9chager<br \/>\n<a class=\"link\" href=\"https:\/\/www.isula.corsica\/Lancement-de-l-edition-2020-2021-de-l-appel-a-projets-E-so-vite-facenu-a-nostra-storia-leurs-vies-font-notre-histoire_a1727.html\">Lien vers le site de la CdC<\/a><\/p>\n","protected":false},"excerpt":{"rendered":"<p>L\u2019appel \u00e0 projets sera ouvert du 6 octobre au 4 novembre 2020. Les candidatures (fiches pr\u00e9sent\u00e9es en annexe) devront \u00eatre retourn\u00e9es par courrier \u00e9lectronique ou par voie postale au service instructeur de la Collectivit\u00e9 de Corse, au plus tard 4 novembre \u00e0 minuit. Entre le 5 et le 12 novembre 2020, la Collectivit\u00e9 de Corse [&hellip;]<\/p>\n","protected":false},"author":84,"featured_media":0,"comment_status":"open","ping_status":"open","sticky":false,"template":"","format":"standard","meta":{"footnotes":""},"categories":[1],"tags":[],"class_list":["post-255","post","type-post","status-publish","format-standard","hentry","category-non-classe"],"_links":{"self":[{"href":"https:\/\/sites.ac-corse.fr\/daac\/wp-json\/wp\/v2\/posts\/255","targetHints":{"allow":["GET"]}}],"collection":[{"href":"https:\/\/sites.ac-corse.fr\/daac\/wp-json\/wp\/v2\/posts"}],"about":[{"href":"https:\/\/sites.ac-corse.fr\/daac\/wp-json\/wp\/v2\/types\/post"}],"author":[{"embeddable":true,"href":"https:\/\/sites.ac-corse.fr\/daac\/wp-json\/wp\/v2\/users\/84"}],"replies":[{"embeddable":true,"href":"https:\/\/sites.ac-corse.fr\/daac\/wp-json\/wp\/v2\/comments?post=255"}],"version-history":[{"count":1,"href":"https:\/\/sites.ac-corse.fr\/daac\/wp-json\/wp\/v2\/posts\/255\/revisions"}],"predecessor-version":[{"id":367,"href":"https:\/\/sites.ac-corse.fr\/daac\/wp-json\/wp\/v2\/posts\/255\/revisions\/367"}],"wp:attachment":[{"href":"https:\/\/sites.ac-corse.fr\/daac\/wp-json\/wp\/v2\/media?parent=255"}],"wp:term":[{"taxonomy":"category","embeddable":true,"href":"https:\/\/sites.ac-corse.fr\/daac\/wp-json\/wp\/v2\/categories?post=255"},{"taxonomy":"post_tag","embeddable":true,"href":"https:\/\/sites.ac-corse.fr\/daac\/wp-json\/wp\/v2\/tags?post=255"}],"curies":[{"name":"wp","href":"https:\/\/api.w.org\/{rel}","templated":true}]}}