{"id":256,"date":"2020-10-06T15:04:00","date_gmt":"2020-10-06T13:04:00","guid":{"rendered":"https:\/\/sites.ac-corse.fr\/daac\/2020\/10\/06\/i-trufei-scularii-di-u-sviluppu-a-longu-anda-les-trophees-scolaires-du-developpement-durable\/"},"modified":"2023-01-16T17:57:56","modified_gmt":"2023-01-16T16:57:56","slug":"i-trufei-scularii-di-u-sviluppu-a-longu-anda-les-trophees-scolaires-du-developpement-durable","status":"publish","type":"post","link":"https:\/\/sites.ac-corse.fr\/daac\/2020\/10\/06\/i-trufei-scularii-di-u-sviluppu-a-longu-anda-les-trophees-scolaires-du-developpement-durable\/","title":{"rendered":"\u00ab I trufei scularii di u sviluppu \u00e0 longu and\u00e0 \u00bb \u00ab Les troph\u00e9es scolaires du d\u00e9veloppement durable \u00bb"},"content":{"rendered":"<p>L\u2019\u00e9ducation au d\u00e9veloppement durable (EDD) a pour finalit\u00e9 de faire \u00e9voluer les mentalit\u00e9s ainsi que les comportements vis-\u00e0-vis de l\u2019environnement. Men\u00e9e en milieu scolaire, afin d\u2019y sensibiliser les jeunes g\u00e9n\u00e9rations, l\u2019EDD est l\u2019une des cl\u00e9s de r\u00e9ussite de cette d\u00e9marche. \u00c0 travers une approche p\u00e9dagogique, elle a alors pour objectif de donner des \u00e9l\u00e9ments de r\u00e9flexion aux \u00e9l\u00e8ves autour des questions environnementales, \u00e9conomiques et socioculturelles. <br \/>En Corse, l\u2019insularit\u00e9 rend encore plus fondamentaux les sujets li\u00e9s au d\u00e9veloppement durable et oblige \u00e0 trouver des solutions originales utilisant des ressources propres \u00e0 notre territoire.<\/p>\n<p>Le dispositif des \u00ab troph\u00e9es scolaires du d\u00e9veloppement durable \u00bb, initi\u00e9 il y a 10 ans en partenariat avec l\u2019\u00c9ducation nationale, s\u2019inscrit pleinement dans cette dynamique d\u2019action en permettant aux \u00e9l\u00e8ves accompagn\u00e9s par leurs professeurs de porter des projets en lien avec ce th\u00e8me. <br \/>Au cours de la session du 24 et 25 septembre 2020, l\u2019Assembl\u00e9e de Corse a valid\u00e9 la mise en oeuvre de ces troph\u00e9es qui s\u2019adressent d\u00e9sormais \u00e0 l\u2019ensemble des \u00e9tablissements scolaires insulaires.<br \/>\nhttps:\/\/sites.ac-corse.fr\/wp-content\/uploads\/sites\/33\/photo\/art\/default\/1018597-1286690.jpg<\/p>\n<p>Nature du projet pr\u00e9sent\u00e9<br \/>\nL\u2019appel \u00e0 projets concerne les \u00e9l\u00e8ves des \u00e9coles maternelles, \u00e9l\u00e9mentaires, coll\u00e8ges et lyc\u00e9es, publics ou priv\u00e9s de Corse. <br \/>Les \u00e9tablissements scolaires candidats sont invit\u00e9s \u00e0 r\u00e9aliser, \u00e0 travers un large choix th\u00e9matique en lien \u00e9troit avec les programmes d\u2019enseignement officiels, un projet p\u00e9dagogique entrant dans le champ d\u2019un ou plusieurs des 17 objectifs de d\u00e9veloppement durable (ODD) d\u00e9finis en septembre 2015 par l\u2019Assembl\u00e9e g\u00e9n\u00e9rale des Nations Unies. <br \/>Chaque \u00e9tablissement pourra pr\u00e9senter son projet \u00e0 travers une classe ou un groupe d\u2019\u00e9l\u00e8ves pouvant \u00eatre issu de diff\u00e9rentes classes appartenant \u00e0 un m\u00eame cycle.<\/p>\n<p>D\u00e9roulement de l\u2019appel \u00e0 projets<br \/>\n<b>L\u2019appel \u00e0 projets sera ouvert \u00e0 partir du mardi 6 octobre 2020. <\/b><\/p>\n<p>Phase 1 : Candidatures (d\u00e9p\u00f4t et s\u00e9lection) <br \/>Les candidatures (fiches pr\u00e9sent\u00e9es en annexe) devront \u00eatre retourn\u00e9es par courrier \u00e9lectronique ou par voie postale au service instructeur de la Collectivit\u00e9 de Corse, au plus tard le 4 novembre 2020. <\/p>\n<p>Entre le 5 et le 12 novembre 2020, la Collectivit\u00e9 de Corse r\u00e9unira un comit\u00e9 territorial de s\u00e9lection constitu\u00e9 de repr\u00e9sentants de l\u2019\u00c9ducation nationale et de la Collectivit\u00e9 de Corse. <br \/>Le comit\u00e9 aura pour mission, si le nombre d\u2019inscriptions d\u00e9passe les 20 candidatures, de s\u00e9lectionner les projets re\u00e7us. <\/p>\n<p>Phase 2 : Projets (d\u00e9p\u00f4t et d\u00e9signation des laur\u00e9ats) <br \/>Les candidats s\u00e9lectionn\u00e9s seront invit\u00e9s \u00e0 remettre leur projet sous forme de diaporama (Cf. Annexe 4). Cette production viendra illustrer la d\u00e9marche et la r\u00e9alisation du projet en ad\u00e9quation avec un ou plusieurs ODD (Cf. Annexe 5). <br \/>Un jury s\u00e9lectionnera 15 laur\u00e9ats parmi les candidatures s\u00e9lectionn\u00e9es durant les \u00e9ditions 2019\/2020 et 2020\/2021. Il se r\u00e9unira durant la seconde quinzaine du mois d\u2019avril.<\/p>\n<p>Modalit\u00e9s de remise du dossier de candidature<br \/>\nDate limite de remise du dossier de candidature : 4 novembre 2020.<\/p>\n<p>Transmission dudit dossier :<\/p>\n<p>\uf0b7 soit par voie \u00e9lectronique \u00e0 l\u2019adresse suivante : TDD@isula.corsica<\/p>\n<p>\uf0b7 soit par voie postale :<\/p>\n<p><b>Appel \u00e0 projets 2020\/2021<br \/>\u00ab I trufei scularii di u sviluppu \u00e0 longu and\u00e0 \u00bb<br \/>\u00ab Les troph\u00e9es scolaires du d\u00e9veloppement durable \u00bb<br \/>Direction adjointe en charge de l\u2019accompagnement \u00e9ducatif et de la vie \u00e9tudiante<br \/>Service des actions \u00e9ducatives<br \/>H\u00f4tel de la Collectivit\u00e9 de Corse<br \/>Rond-point du Mar\u00e9chal Leclerc<br \/>20405 BASTIA cedex 9<\/b><\/p>\n<p>T\u00e9l : 04.95.55.58.49 ou 04.95.55.55.62<\/p>\n<p>documents \u00e0 t\u00e9l\u00e9charger<\/p>\n","protected":false},"excerpt":{"rendered":"<p>L\u2019\u00e9ducation au d\u00e9veloppement durable (EDD) a pour finalit\u00e9 de faire \u00e9voluer les mentalit\u00e9s ainsi que les comportements vis-\u00e0-vis de l\u2019environnement. Men\u00e9e en milieu scolaire, afin d\u2019y sensibiliser les jeunes g\u00e9n\u00e9rations, l\u2019EDD est l\u2019une des cl\u00e9s de r\u00e9ussite de cette d\u00e9marche. \u00c0 travers une approche p\u00e9dagogique, elle a alors pour objectif de donner des \u00e9l\u00e9ments de [&hellip;]<\/p>\n","protected":false},"author":84,"featured_media":0,"comment_status":"open","ping_status":"open","sticky":false,"template":"","format":"standard","meta":{"footnotes":""},"categories":[1],"tags":[],"class_list":["post-256","post","type-post","status-publish","format-standard","hentry","category-non-classe"],"_links":{"self":[{"href":"https:\/\/sites.ac-corse.fr\/daac\/wp-json\/wp\/v2\/posts\/256","targetHints":{"allow":["GET"]}}],"collection":[{"href":"https:\/\/sites.ac-corse.fr\/daac\/wp-json\/wp\/v2\/posts"}],"about":[{"href":"https:\/\/sites.ac-corse.fr\/daac\/wp-json\/wp\/v2\/types\/post"}],"author":[{"embeddable":true,"href":"https:\/\/sites.ac-corse.fr\/daac\/wp-json\/wp\/v2\/users\/84"}],"replies":[{"embeddable":true,"href":"https:\/\/sites.ac-corse.fr\/daac\/wp-json\/wp\/v2\/comments?post=256"}],"version-history":[{"count":1,"href":"https:\/\/sites.ac-corse.fr\/daac\/wp-json\/wp\/v2\/posts\/256\/revisions"}],"predecessor-version":[{"id":368,"href":"https:\/\/sites.ac-corse.fr\/daac\/wp-json\/wp\/v2\/posts\/256\/revisions\/368"}],"wp:attachment":[{"href":"https:\/\/sites.ac-corse.fr\/daac\/wp-json\/wp\/v2\/media?parent=256"}],"wp:term":[{"taxonomy":"category","embeddable":true,"href":"https:\/\/sites.ac-corse.fr\/daac\/wp-json\/wp\/v2\/categories?post=256"},{"taxonomy":"post_tag","embeddable":true,"href":"https:\/\/sites.ac-corse.fr\/daac\/wp-json\/wp\/v2\/tags?post=256"}],"curies":[{"name":"wp","href":"https:\/\/api.w.org\/{rel}","templated":true}]}}