{"id":258,"date":"2020-09-14T09:03:00","date_gmt":"2020-09-14T07:03:00","guid":{"rendered":"https:\/\/sites.ac-corse.fr\/daac\/2020\/09\/14\/demandes-dateliers-artistiques-et-culturels-incluant-les-ateliers-scientifiques-et-deducation-aux-medias\/"},"modified":"2023-01-16T17:57:56","modified_gmt":"2023-01-16T16:57:56","slug":"demandes-dateliers-artistiques-et-culturels-incluant-les-ateliers-scientifiques-et-deducation-aux-medias","status":"publish","type":"post","link":"https:\/\/sites.ac-corse.fr\/daac\/2020\/09\/14\/demandes-dateliers-artistiques-et-culturels-incluant-les-ateliers-scientifiques-et-deducation-aux-medias\/","title":{"rendered":"Demandes d&rsquo;ateliers artistiques et culturels (incluant les ateliers scientifiques et d&rsquo;\u00e9ducation aux m\u00e9dias)"},"content":{"rendered":"<p>Ce d\u00e9lai est de rigueur d&rsquo;autant plus que, cette ann\u00e9e, exceptionnellement l&rsquo;instruction se fait \u00e0 la rentr\u00e9e au lieu du mois de juin les ann\u00e9es pr\u00e9c\u00e9dentes et qu&rsquo;il faut le temps au partenaire CdC de s&rsquo;approprier Adage et de traiter les demandes d&rsquo;ateliers en un seul dossier global et rapidement en une seule proc\u00e9dure, si l&rsquo;on veut esp\u00e9rer avoir des r\u00e9ponses avant la fin novembre.<\/p>\n<p>Nous invitons donc les professeurs concern\u00e9s \u00e0 remplir le formulaire d\u00e8s que possible et de ne pas attendre la derni\u00e8re minute.<br \/>Nous allons, de notre c\u00f4t\u00e9, rapidement proc\u00e9der \u00e0 un \u00ab\u00a0nettoyage\u00a0\u00bb sur site et \u00e9liminer toutes les simulations d&rsquo;ateliers et ne garder que les demandes r\u00e9elles dont certaines doivent \u00eatre compl\u00e9t\u00e9es.<\/p>\n<p><b>Quelques pr\u00e9cisions<\/b><\/p>\n<p>Concernant les demandes d&rsquo;ateliers le d\u00e9ploiement de l&rsquo;application Adage entraine quelques modifications :<\/p>\n<p>Il n&rsquo;y a plus qu&rsquo;un seul formulaire de demande d&rsquo;atelier (au lieu de trois pr\u00e9c\u00e9demment), d\u00e9sormais il faut choisir dans le menu d\u00e9roulant <br \/>\u00ab\u00a0Domaines artistiques et culturels :\u00a0\u00bb pour pr\u00e9ciser le type d&rsquo;atelier, y compris les ateliers scientifiques et d&rsquo;\u00e9ducation aux m\u00e9dias.<\/p>\n<p>Comme cette campagne concerne uniquement les demandes d&rsquo;ateliers, n&rsquo;oubliez pas de cocher le bouton <b>\u00ab\u00a0Atelier\u00a0\u00bb<\/b> \u00e0 l&rsquo;\u00e9tape 5 et ensuite de renseigner les nouveaux champs qui apparaissent.<\/p>\n<p>Concernant <b>le budget<\/b>, il est n\u00e9cessaire qu&rsquo;il soit en \u00e9quilibre et que le champ \u00ab\u00a0reste \u00e0 financer\u00a0\u00bb affiche z\u00e9ro, la DAAC n&rsquo;a pas de budget pour compl\u00e9ter les financements. D&rsquo;autre part il faut pr\u00e9ciser et d\u00e9tailler les d\u00e9penses dans les champs respectifs (on ne peut pas se contenter de, par exemple \u00ab\u00a0frais de fonctionnement : 2 000 \u20ac\u00a0\u00bb sans autres pr\u00e9cisions).<\/p>\n<p>Il est pr\u00e9f\u00e9rable d&rsquo;attendre les r\u00e9ponses de la DAAC (vers la mi-octobre) pour les demandes d&rsquo;HSE et de la CdC pour les aides et les intervenants (fin novembre) avant de d\u00e9marrer les ateliers<\/p>\n<p>Enfin l&rsquo;avis du chef d&rsquo;\u00e9tablissement est indispensable pour valider la demande.<\/p>\n","protected":false},"excerpt":{"rendered":"<p>Ce d\u00e9lai est de rigueur d&rsquo;autant plus que, cette ann\u00e9e, exceptionnellement l&rsquo;instruction se fait \u00e0 la rentr\u00e9e au lieu du mois de juin les ann\u00e9es pr\u00e9c\u00e9dentes et qu&rsquo;il faut le temps au partenaire CdC de s&rsquo;approprier Adage et de traiter les demandes d&rsquo;ateliers en un seul dossier global et rapidement en une seule proc\u00e9dure, si [&hellip;]<\/p>\n","protected":false},"author":84,"featured_media":0,"comment_status":"open","ping_status":"open","sticky":false,"template":"","format":"standard","meta":{"footnotes":""},"categories":[1],"tags":[],"class_list":["post-258","post","type-post","status-publish","format-standard","hentry","category-non-classe"],"_links":{"self":[{"href":"https:\/\/sites.ac-corse.fr\/daac\/wp-json\/wp\/v2\/posts\/258","targetHints":{"allow":["GET"]}}],"collection":[{"href":"https:\/\/sites.ac-corse.fr\/daac\/wp-json\/wp\/v2\/posts"}],"about":[{"href":"https:\/\/sites.ac-corse.fr\/daac\/wp-json\/wp\/v2\/types\/post"}],"author":[{"embeddable":true,"href":"https:\/\/sites.ac-corse.fr\/daac\/wp-json\/wp\/v2\/users\/84"}],"replies":[{"embeddable":true,"href":"https:\/\/sites.ac-corse.fr\/daac\/wp-json\/wp\/v2\/comments?post=258"}],"version-history":[{"count":1,"href":"https:\/\/sites.ac-corse.fr\/daac\/wp-json\/wp\/v2\/posts\/258\/revisions"}],"predecessor-version":[{"id":370,"href":"https:\/\/sites.ac-corse.fr\/daac\/wp-json\/wp\/v2\/posts\/258\/revisions\/370"}],"wp:attachment":[{"href":"https:\/\/sites.ac-corse.fr\/daac\/wp-json\/wp\/v2\/media?parent=258"}],"wp:term":[{"taxonomy":"category","embeddable":true,"href":"https:\/\/sites.ac-corse.fr\/daac\/wp-json\/wp\/v2\/categories?post=258"},{"taxonomy":"post_tag","embeddable":true,"href":"https:\/\/sites.ac-corse.fr\/daac\/wp-json\/wp\/v2\/tags?post=258"}],"curies":[{"name":"wp","href":"https:\/\/api.w.org\/{rel}","templated":true}]}}