{"id":260,"date":"2020-06-08T09:26:00","date_gmt":"2020-06-08T07:26:00","guid":{"rendered":"https:\/\/sites.ac-corse.fr\/daac\/2020\/06\/08\/actions-educatives-pour-la-rentree-2020\/"},"modified":"2023-01-16T17:57:56","modified_gmt":"2023-01-16T16:57:56","slug":"actions-educatives-pour-la-rentree-2020","status":"publish","type":"post","link":"https:\/\/sites.ac-corse.fr\/daac\/2020\/06\/08\/actions-educatives-pour-la-rentree-2020\/","title":{"rendered":"Actions \u00e9ducatives pour la rentr\u00e9e 2020"},"content":{"rendered":"<p>Vous trouverez ci-dessous quelques renseignements et des liens concernant les actions ; \u00ab\u00a0Prix Goncourt des lyc\u00e9ens\u00a0\u00bb, \u00ab\u00a0Cr\u00e9ation en cours\u00a0\u00bb, \u00ab\u00a0Les Journ\u00e9es europ\u00e9enne du patrimoine\u00a0\u00bb, \u00ab\u00a0Le Prix Goncourt des lyc\u00e9ens\u00a0\u00bb et \u00ab\u00a0Le C\u00e9sar des lyc\u00e9ens\u00a0\u00bb.<\/p>\n<p>Prix Goncourt des lyc\u00e9ens<br \/>\nLe prix Goncourt des lyc\u00e9ens, n\u00e9 \u00e0 Rennes et plac\u00e9 sous le Haut-Patronage de l&rsquo;Acad\u00e9mie Goncourt, offre \u00e0 une cinquantaine de classes l&rsquo;occasion de lire l&rsquo;int\u00e9gralit\u00e9 de la s\u00e9lection Goncourt et d&rsquo;\u00e9lire ensuite leur livre laur\u00e9at. Les \u00e9l\u00e8ves ont ainsi l&rsquo;occasion de lier l&rsquo;appropriation de la langue et de la litt\u00e9rature fran\u00e7aises au plaisir de lire et \u00e0 l&rsquo;actualit\u00e9 romanesque. La 32e \u00e9dition du prix se d\u00e9roulera de septembre \u00e0 novembre 2020.<\/p>\n<p>Consulter le<a class=\"link\" href=\"https:\/\/eduscol.education.fr\/cid55533\/goncourt-des-lyceens.html\"> lien Eduscol d\u00e9di\u00e9<\/a><\/p>\n<p>Cr\u00e9ation en cours : une r\u00e9sidence d&rsquo;artiste en cycle 3<br \/>\n\u00ab Cr\u00e9ation en cours \u00bb est une op\u00e9ration nationale commune aux minist\u00e8res charg\u00e9s de l&rsquo;\u00c9ducation nationale et de la culture, permettant \u00e0 des jeunes artistes de d\u00e9velopper un projet de cr\u00e9ation originale avec des \u00e9l\u00e8ves scolaris\u00e9s dans des \u00e9coles rurales ou \u00e9loign\u00e9es de ressources culturelles.<\/p>\n<p>Consulter le lien <a class=\"link\" href=\"https:\/\/eduscol.education.fr\/cid107124\/creation-en-cours.html\">Eduscol d\u00e9di\u00e9<\/a><\/p>\n<p>Les Journ\u00e9es europ\u00e9ennes du patrimoine<br \/>\n<b>Les prochaines Journ\u00e9es europ\u00e9ennes du patrimoine auront lieu les 19 et 20 septembre 2020 <\/b>sur le th\u00e8me Patrimoine et \u00e9ducation : Apprendre pour la vie !<\/p>\n<p>En Corse, c\u2019est la<a class=\"link\" href=\"https:\/\/www.isula.corsica\/patrimoine\/\"> Direction du patrimoine de la Collectivit\u00e9 de Corse<\/a> qui coordonne l\u2019\u00e9v\u00e9nement.<\/p>\n<p>Cette 37e \u00e9dition adopte, comme les deux derni\u00e8res ann\u00e9es, le th\u00e8me fix\u00e9 par le Conseil de l\u2019Europe et la Commission europ\u00e9enne, lequel est repris de mani\u00e8re croissante par les cinquante pays europ\u00e9ens organisateurs de cette manifestation. Vous trouverez en pi\u00e8ces-jointes la pr\u00e9sentation du th\u00e8me ainsi que la brochure 101 id\u00e9es d\u2019initiatives. Ce document propose de multiples d\u00e9clinaisons offertes par ce th\u00e8me.<\/p>\n<p>De plus, l\u2019op\u00e9ration Levez les yeux ! initi\u00e9e l\u2019ann\u00e9e derni\u00e8re par le minist\u00e8re de la Culture et le minist\u00e8re de l\u2019Education nationale et de la Jeunesse se poursuit en 2020. Elle trouvera pleinement sa place dans le th\u00e8me Patrimoine et \u00e9ducation. Ce dispositif qui invite la veille des Journ\u00e9es europ\u00e9ennes du patrimoine et des Journ\u00e9es nationales de l\u2019architecture, les scolaires de la maternelle \u00e0 la terminale, \u00e0 la d\u00e9couverte de leur patrimoine, sous la conduite de leurs enseignants.<\/p>\n<p>Vous souhaitez proposer des activit\u00e9s ou des visites ? Votre site\/monument sera ouvert au public ? Inscrivez-vous d\u00e8s aujourd&rsquo;hui sur notre plateforme pour \u00eatre r\u00e9f\u00e9renc\u00e9 et ajout\u00e9 au programme officiel 2020.<\/p>\n<p><b>Qui peut participer aux Journ\u00e9es europ\u00e9ennes du patrimoine ?<br \/><\/b><br \/>Tous les propri\u00e9taires ou gestionnaires de site ou de monument ayant un int\u00e9r\u00eat historique, artistique et architectural peuvent participer. Les associations \u0153uvrant dans le domaine du patrimoine peuvent \u00e9galement proposer des activit\u00e9s. La visite du lieu ainsi que les activit\u00e9s sp\u00e9cifiques propos\u00e9es (visite guid\u00e9e, exposition, lecture\u2026) devraient \u00eatre gratuites ou propos\u00e9es \u00e0 des tarifs pr\u00e9f\u00e9rentiels, notamment pour les moins de 18 ans, ainsi que pour les demandeurs d\u2019emploi sur pr\u00e9sentation d\u2019un justificatif en cours de validit\u00e9.<\/p>\n<p><b>Comment s&rsquo;inscrire ?<\/b><\/p>\n<p>Il vous suffit de vous rendre sur le site <a class=\"link\" href=\"https:\/\/openagenda.com\/jep-2020-corse\">https:\/\/openagenda.com\/jep-2020-corse<\/a>, de vous connecter et de remplir toutes les informations demand\u00e9es.<\/p>\n<p>Vous trouverez plus d\u2019informations et pourrez t\u00e9l\u00e9charger les supports de communication sur le site officiel <a class=\"link\" href=\"https:\/\/journeesdupatrimoine.culture.gouv.fr\/\">http:\/\/www.journeesdupatrimoine.fr<\/a><\/p>\n<p>Quelques recommandations pour saisir votre \u00e9v\u00e9nement :<\/p>\n<p> Ne regroupez pas toute votre programmation dans une m\u00eame fiche. Cette simplification ne rend pas service aux visiteurs. Elle p\u00e9nalisera vos \u00e9v\u00e9nements qui ne pourront pas \u00eatre interrog\u00e9s par les filtres du moteur de recherche interne.<br \/> N&rsquo;intitulez pas le titre de votre \u00e9v\u00e9nement avec le nom du lieu ou de la manifestation.<br \/> Respectez au mieux les consignes de saisie figurant sur les diff\u00e9rents champs du formulaire.<\/p>\n<p>Les \u00e9v\u00e9nements propos\u00e9s sur cet agenda seront valid\u00e9s avant publication par la coordination de l&rsquo;op\u00e9ration. En cas de difficult\u00e9s, vous pouvez contacter les r\u00e9f\u00e9rents en Corse via l\u2019adresse mail :<b> jep@isula.corsica<\/b><\/p>\n<p>N&rsquo;h\u00e9sitez pas \u00e0 partager vos photos et publications sur les r\u00e9seaux sociaux avec le <b>hashtag #JEPCORSICA<br \/><\/b><\/p>\n<p>Prix Jean Renoir des lyc\u00e9ens<br \/>\nLe Prix Jean Renoir des lyc\u00e9ens est un prix de critique cin\u00e9matographique qui permet \u00e0 des \u00e9l\u00e8ves d&rsquo;une cinquantaine de classes de visionner en salle sept films fran\u00e7ais, europ\u00e9ens et internationaux, puis de participer au jury qui prime le film en fin d&rsquo;ann\u00e9e scolaire.<\/p>\n<p>Consulter le lien <a class=\"link\" href=\"https:\/\/eduscol.education.fr\/cid140480\/prix-jean-renoir-des-lyceens.html\">Eduscol d\u00e9di\u00e9<\/a><\/p>\n<p>C\u00e9sar des lyc\u00e9ens<br \/>\nLa C\u00e9r\u00e9monie des C\u00e9sar r\u00e9compense les talents et les \u0153uvres fran\u00e7aises qui ont marqu\u00e9 l&rsquo;ann\u00e9e cin\u00e9matographique \u00e9coul\u00e9e. Chaque ann\u00e9e, les membres de l&rsquo;Acad\u00e9mie des C\u00e9sar distinguent celles et ceux qui leur ont paru les plus remarquables dans les nombreux m\u00e9tiers du cin\u00e9ma : r\u00e9alisation, sc\u00e9nario, musique, interpr\u00e9tation, montage, image, costumes, d\u00e9cors, son&#8230; Les C\u00e9sar assurent ainsi visibilit\u00e9, \u00e9mulation et dynamisme dans un secteur de la cr\u00e9ation fondamental pour le rayonnement culturel fran\u00e7ais en Europe et dans le monde.<\/p>\n<p>Consulter le lien <a class=\"link\" href=\"https:\/\/eduscol.education.fr\/cid129947\/cesar-des-lyceens.html\">Eduscol d\u00e9di\u00e9<\/a><\/p>\n","protected":false},"excerpt":{"rendered":"<p>Vous trouverez ci-dessous quelques renseignements et des liens concernant les actions ; \u00ab\u00a0Prix Goncourt des lyc\u00e9ens\u00a0\u00bb, \u00ab\u00a0Cr\u00e9ation en cours\u00a0\u00bb, \u00ab\u00a0Les Journ\u00e9es europ\u00e9enne du patrimoine\u00a0\u00bb, \u00ab\u00a0Le Prix Goncourt des lyc\u00e9ens\u00a0\u00bb et \u00ab\u00a0Le C\u00e9sar des lyc\u00e9ens\u00a0\u00bb. Prix Goncourt des lyc\u00e9ens Le prix Goncourt des lyc\u00e9ens, n\u00e9 \u00e0 Rennes et plac\u00e9 sous le Haut-Patronage de l&rsquo;Acad\u00e9mie Goncourt, offre [&hellip;]<\/p>\n","protected":false},"author":84,"featured_media":0,"comment_status":"open","ping_status":"open","sticky":false,"template":"","format":"standard","meta":{"footnotes":""},"categories":[1],"tags":[],"class_list":["post-260","post","type-post","status-publish","format-standard","hentry","category-non-classe"],"_links":{"self":[{"href":"https:\/\/sites.ac-corse.fr\/daac\/wp-json\/wp\/v2\/posts\/260","targetHints":{"allow":["GET"]}}],"collection":[{"href":"https:\/\/sites.ac-corse.fr\/daac\/wp-json\/wp\/v2\/posts"}],"about":[{"href":"https:\/\/sites.ac-corse.fr\/daac\/wp-json\/wp\/v2\/types\/post"}],"author":[{"embeddable":true,"href":"https:\/\/sites.ac-corse.fr\/daac\/wp-json\/wp\/v2\/users\/84"}],"replies":[{"embeddable":true,"href":"https:\/\/sites.ac-corse.fr\/daac\/wp-json\/wp\/v2\/comments?post=260"}],"version-history":[{"count":1,"href":"https:\/\/sites.ac-corse.fr\/daac\/wp-json\/wp\/v2\/posts\/260\/revisions"}],"predecessor-version":[{"id":372,"href":"https:\/\/sites.ac-corse.fr\/daac\/wp-json\/wp\/v2\/posts\/260\/revisions\/372"}],"wp:attachment":[{"href":"https:\/\/sites.ac-corse.fr\/daac\/wp-json\/wp\/v2\/media?parent=260"}],"wp:term":[{"taxonomy":"category","embeddable":true,"href":"https:\/\/sites.ac-corse.fr\/daac\/wp-json\/wp\/v2\/categories?post=260"},{"taxonomy":"post_tag","embeddable":true,"href":"https:\/\/sites.ac-corse.fr\/daac\/wp-json\/wp\/v2\/tags?post=260"}],"curies":[{"name":"wp","href":"https:\/\/api.w.org\/{rel}","templated":true}]}}