{"id":261,"date":"2020-06-03T09:33:00","date_gmt":"2020-06-03T07:33:00","guid":{"rendered":"https:\/\/sites.ac-corse.fr\/daac\/2020\/06\/03\/deploiement-de-lapplication-adage-au-service-de-leducation-artistique-et-culturelle\/"},"modified":"2023-01-16T17:57:56","modified_gmt":"2023-01-16T16:57:56","slug":"deploiement-de-lapplication-adage-au-service-de-leducation-artistique-et-culturelle","status":"publish","type":"post","link":"https:\/\/sites.ac-corse.fr\/daac\/2020\/06\/03\/deploiement-de-lapplication-adage-au-service-de-leducation-artistique-et-culturelle\/","title":{"rendered":"D\u00e9ploiement de l&rsquo;application ADAGE au service de l&rsquo;Education Artistique et culturelle"},"content":{"rendered":"<p>ADAGE, un outil num\u00e9rique<br \/>\nADAGE est un outil num\u00e9rique accessible \u00e0 l\u2019ensemble de la communaut\u00e9 \u00e9ducative des \u00e9coles, coll\u00e8ges et lyc\u00e9es par Intranet, via le portail ARENA. ADAGE est d\u00e9ploy\u00e9 dans toutes les acad\u00e9mies pour un lancement dans le courant de l\u2019ann\u00e9e 2020.<\/p>\n<p>Au service de l\u2019objectif du 100% EAC port\u00e9 par les minist\u00e8res de l\u2019\u00c9ducation Nationale et de la Culture, ADAGE sert au pilotage des projets EAC tant au niveau des enseignants et des \u00e9tablissements qu\u2019au niveau acad\u00e9mique et national, ainsi qu\u2019aux structures culturelles partenaires, au travers de ses trois fonctions :<\/p>\n<p> Un outil de r\u00e9ponse aux appels \u00e0 projets port\u00e9s par la DAAC ;<\/p>\n<p> Un outil de recensement exhaustif de l\u2019ensemble des actions EAC de l\u2019acad\u00e9mie port\u00e9es par les \u00e9coles et les \u00e9tablissements;<\/p>\n<p> Un outil de mise \u00e0 disposition de ressources li\u00e9es \u00e0 l\u2019EAC \u00e0 destination des \u00e9tablissements et des enseignants (textes officiels, textes scientifiques, guides d\u2019aide au d\u00e9veloppement des projets EAC, etc.).<br \/>\nhttps:\/\/sites.ac-corse.fr\/wp-content\/uploads\/sites\/33\/photo\/art\/default\/1018192-1285701.jpg<\/p>\n<p>ADAGE servira ainsi plusieurs missions<br \/>\nGr\u00e2ce \u00e0 la g\u00e9olocalisation des \u00e9tablissements, des structures culturelles et des actions EAC port\u00e9s sur le territoire, ADAGE permettra d\u2019avoir une vue \u00e0 la fois pr\u00e9cise et g\u00e9n\u00e9rale des dynamiques EAC sur le territoire corse;<\/p>\n<p> Il permettra aux enseignants de faciliter la mise en place d\u2019actions EAC avec leurs \u00e9l\u00e8ves gr\u00e2ce \u00e0 la description des diff\u00e9rents dispositifs, \u00e0 l\u2019annuaire des structures culturelles, et aux appels \u00e0 projets pr\u00e9sents dans l\u2019application;<\/p>\n<p> Il permettra aux structures culturelles de rentrer plus facilement en contact avec les \u00e9tablissements de leur territoire;<\/p>\n<p> Et gr\u00e2ce au recensement exhaustif port\u00e9 par l\u2019ensemble de la communaut\u00e9 \u00e9ducative, ADAGE permettra parall\u00e8lement de valoriser les actions tout en mettant en lumi\u00e8re les territoires qui ont besoin de davantage d\u2019aide aux d\u00e9veloppement d\u2019actions EAC afin de porter, collectivement, cet objectif de 100% des \u00e9l\u00e8ves de l\u2019acad\u00e9mie concern\u00e9s par une action d\u2019\u00c9ducation Artistique et Culturelle, chaque ann\u00e9e de leur scolarit\u00e9.<\/p>\n<p>Les demandes d&rsquo;ateliers report\u00e9es \u00e0 la rentr\u00e9e<br \/>\nA compter de l&rsquo;ann\u00e9e scolaire 2020 &#8211; 2021 et selon la volont\u00e9 du minist\u00e8re, les chefs-d&rsquo;\u00e9tablissements et directeurs d&rsquo;\u00e9coles (ou toute personne qu&rsquo;ils d\u00e9signeront ex; les r\u00e9f\u00e9rents culture) devront constituer les dossiers EAC (Ateliers, Paese etc..) sous forme de PACTE (Projet Artistique et Culturel en territoire \u00c9ducatif) via l&rsquo;application Adage lors de l&rsquo;ouverture de campagnes. <\/p>\n<p>Il va de soi que la mise en \u0153uvre de cette nouvelle application va modifier quelque peu les habitudes et n\u00e9cessitera une p\u00e9riode d&rsquo;adaptation mais cette \u00ab\u00a0centralisation\u00a0\u00bb des dossiers pr\u00e9sente \u00ab\u00a0in fine\u00a0\u00bb de r\u00e9els avantages notamment d&rsquo;avoir un seul dossier num\u00e9rique accessible par toutes les personnes susceptibles d&rsquo;\u00eatre int\u00e9ress\u00e9es (DASEN, I.A.- I.P.R., I.E.N., administration, DRAC, collectivit\u00e9s territoriales, etc.) ainsi que l&rsquo;avantage d&rsquo;un suivi de recensement et d&rsquo;analyse plus pr\u00e9cis et donc plus pertinent.<\/p>\n<p>En cons\u00e9quence et suite \u00e0 l&rsquo;\u00e9pisode sanitaire que nous avons connu, les demandes d&rsquo;ateliers sont report\u00e9es \u00e0 la rentr\u00e9e et seront recevables au moins jusqu&rsquo;\u00e0 la fin du mois de septembre en esp\u00e9rant que d&rsquo;ici l\u00e0 la situation sera redevenue normale.<\/p>\n<p>La D\u00e9l\u00e9gation acad\u00e9mique \u00e0 l\u2019action culturelle mettra \u00e0 votre disposition sur cette application les ressources n\u00e9cessaires au d\u00e9veloppement de l\u2019EAC dans notre acad\u00e9mie.<\/p>\n<p>Pour en savoir plus, <br \/><a class=\"link\" href=\"http:\/\/daac-arts-culture.ac-besancon.fr\/2019\/09\/11\/adage-ou-leducation-artistique-et-culturelle-eac-a-portee-de-main\/\">Pr\u00e9sentation d&rsquo;Adage<\/a><\/p>\n","protected":false},"excerpt":{"rendered":"<p>ADAGE, un outil num\u00e9rique ADAGE est un outil num\u00e9rique accessible \u00e0 l\u2019ensemble de la communaut\u00e9 \u00e9ducative des \u00e9coles, coll\u00e8ges et lyc\u00e9es par Intranet, via le portail ARENA. ADAGE est d\u00e9ploy\u00e9 dans toutes les acad\u00e9mies pour un lancement dans le courant de l\u2019ann\u00e9e 2020. Au service de l\u2019objectif du 100% EAC port\u00e9 par les minist\u00e8res de [&hellip;]<\/p>\n","protected":false},"author":84,"featured_media":0,"comment_status":"open","ping_status":"open","sticky":false,"template":"","format":"standard","meta":{"footnotes":""},"categories":[1],"tags":[],"class_list":["post-261","post","type-post","status-publish","format-standard","hentry","category-non-classe"],"_links":{"self":[{"href":"https:\/\/sites.ac-corse.fr\/daac\/wp-json\/wp\/v2\/posts\/261","targetHints":{"allow":["GET"]}}],"collection":[{"href":"https:\/\/sites.ac-corse.fr\/daac\/wp-json\/wp\/v2\/posts"}],"about":[{"href":"https:\/\/sites.ac-corse.fr\/daac\/wp-json\/wp\/v2\/types\/post"}],"author":[{"embeddable":true,"href":"https:\/\/sites.ac-corse.fr\/daac\/wp-json\/wp\/v2\/users\/84"}],"replies":[{"embeddable":true,"href":"https:\/\/sites.ac-corse.fr\/daac\/wp-json\/wp\/v2\/comments?post=261"}],"version-history":[{"count":1,"href":"https:\/\/sites.ac-corse.fr\/daac\/wp-json\/wp\/v2\/posts\/261\/revisions"}],"predecessor-version":[{"id":373,"href":"https:\/\/sites.ac-corse.fr\/daac\/wp-json\/wp\/v2\/posts\/261\/revisions\/373"}],"wp:attachment":[{"href":"https:\/\/sites.ac-corse.fr\/daac\/wp-json\/wp\/v2\/media?parent=261"}],"wp:term":[{"taxonomy":"category","embeddable":true,"href":"https:\/\/sites.ac-corse.fr\/daac\/wp-json\/wp\/v2\/categories?post=261"},{"taxonomy":"post_tag","embeddable":true,"href":"https:\/\/sites.ac-corse.fr\/daac\/wp-json\/wp\/v2\/tags?post=261"}],"curies":[{"name":"wp","href":"https:\/\/api.w.org\/{rel}","templated":true}]}}