{"id":264,"date":"2019-12-02T14:52:00","date_gmt":"2019-12-02T13:52:00","guid":{"rendered":"https:\/\/sites.ac-corse.fr\/daac\/2019\/12\/02\/mobilisation-en-faveur-de-la-lecture-axes-prioritaires\/"},"modified":"2023-01-16T17:57:56","modified_gmt":"2023-01-16T16:57:56","slug":"mobilisation-en-faveur-de-la-lecture-axes-prioritaires","status":"publish","type":"post","link":"https:\/\/sites.ac-corse.fr\/daac\/2019\/12\/02\/mobilisation-en-faveur-de-la-lecture-axes-prioritaires\/","title":{"rendered":"Mobilisation en faveur de la lecture &#8211; axes prioritaires"},"content":{"rendered":"<p>1 D\u00e9velopper l&rsquo;acc\u00e8s des \u00e9l\u00e8ves aux livres<br \/>\n<b>Les partenariats entre biblioth\u00e8ques publiques et \u00e9tablissements scolaires<\/b> doivent \u00eatre syst\u00e9matis\u00e9s et formalis\u00e9s, particuli\u00e8rement dans le second degr\u00e9, pour enrichir l&rsquo;offre en ressources et en livres accessibles aux \u00e9l\u00e8ves, assurer des compl\u00e9mentarit\u00e9s entre les centres de documentation et d&rsquo;information (CDI) et les biblioth\u00e8ques, et encourager les \u00e9l\u00e8ves \u00e0 fr\u00e9quenter r\u00e9guli\u00e8rement les lieux du livre.<\/p>\n<p>Coll\u00e8ges et lyc\u00e9es devront \u00e0 cet effet \u00e9laborer des conventions avec les biblioth\u00e8ques publiques locales ou, le cas \u00e9ch\u00e9ant, avec la biblioth\u00e8que d\u00e9partementale. L&rsquo;\u00e9laboration de ces conventions est l&rsquo;occasion de r\u00e9fl\u00e9chir, par exemple, aux modalit\u00e9s d&rsquo;accueil des \u00e9l\u00e8ves dans les biblioth\u00e8ques, de pr\u00eats d&rsquo;ouvrages entre \u00e9tablissements et biblioth\u00e8ques, de partage de catalogues, \u00e0 la mise en place d&rsquo;actions communes de promotion du livre, des auteurs et de la lecture, etc.<\/p>\n<p> Les IA-IPR \u00ab \u00e9tablissement et vie scolaire \u00bb sont charg\u00e9s d&rsquo;accompagner dans cette d\u00e9marche les chefs d&rsquo;\u00e9tablissement et les professeurs documentalistes, et de suivre les conventions sign\u00e9es en en tenant la liste pour l&rsquo;acad\u00e9mie. Les listes acad\u00e9miques permettront d&rsquo;\u00e9tablir un bilan national en fin d&rsquo;ann\u00e9e scolaire.<\/p>\n<p>Dans le premier degr\u00e9, le plan \u00ab biblioth\u00e8ques d&rsquo;\u00e9coles \u00bb sera poursuivi en 2020 avec la d\u00e9l\u00e9gation de nouveaux cr\u00e9dits.<br \/>\nhttps:\/\/sites.ac-corse.fr\/wp-content\/uploads\/sites\/33\/photo\/art\/default\/1017082-1283532.jpg<\/p>\n<p>2 Promouvoir la lecture personnelle<br \/>\nL&rsquo;instauration de temps banalis\u00e9s de lecture personnelle durant le temps scolaire, dits \u00ab quarts d&rsquo;heure lecture \u00bb, reste prioritaire. Les r\u00e9f\u00e9rents acad\u00e9miques \u00e9tabliront en fin d&rsquo;ann\u00e9e scolaire un nouveau bilan acad\u00e9mique de ce d\u00e9ploiement, qui sera transmis \u00e0 la DGESCO ; il indiquera notamment le nombre d&rsquo;\u00e9coles, de coll\u00e8ges et de lyc\u00e9es ayant mis en place un quart d&rsquo;heure lecture. <\/p>\n<p>En juin 2020, l&rsquo;op\u00e9ration <b>\u00ab\u00a0Un livre pour les vacances\u00a0\u00bb<\/b> sera reconduite pour tous les \u00e9l\u00e8ves de classes de CM2, pour la troisi\u00e8me ann\u00e9e cons\u00e9cutive.<\/p>\n<p>3 Partager le plaisir de lire<br \/>\nLa quatri\u00e8me \u00e9dition de la <b>\u00ab\u00a0Nuit de la lecture\u00a0\u00bb<\/b> d\u00e9butera le jeudi 16 janvier prochain, jusqu&rsquo;au dimanche 19.<br \/>\u00c9coles et \u00e9tablissements scolaires sont invit\u00e9s \u00e0 participer aux \u00e9v\u00e9nements programm\u00e9s par les biblioth\u00e8ques et les librairies et \u00e0 organiser avec elles des actions. <br \/>Les classes et groupes d&rsquo;\u00e9l\u00e8ves suivant un cursus en th\u00e9\u00e2tre ou engag\u00e9s dans l&rsquo;exp\u00e9rimentation d&rsquo;un enseignement d&rsquo;\u00e9loquence en classe de 3\u00e8me seront mobilis\u00e9s. Les \u00e9tablissements organisant un \u00e9v\u00e9nement pour la \u00ab Nuit de la lecture \u00bb sont invit\u00e9s \u00e0 l&rsquo;inscrire \u00e0 l&rsquo;agenda officiel sur le site <a class=\"link\" href=\"https:\/\/nuitdelalecture.culture.gouv.fr\/\">www.nuitdelalecture.culture.qouv.fr<\/a> afin de valoriser leur action, de recevoir gratuitement des affiches et kits de communication voire, selon leur projet, des Ch\u00e8ques Lire destin\u00e9s aux \u00e9l\u00e8ves.<\/p>\n<p> L&rsquo;amplification de la participation des \u00e9l\u00e8ves de CM2 au championnat de lecture \u00e0 voix haute <b>\u00ab\u00a0Les petits champions de la lecture\u00a0\u00bb<\/b> reste une priorit\u00e9 afin d&rsquo;atteindre l&rsquo;objectif des 100 000 participants fix\u00e9 par le ministre. La \u00ab Nuit de la lecture \u00bb se pr\u00eate particuli\u00e8rement \u00e0 l&rsquo;organisation des finales locales. Les inscriptions sont possibles jusqu&rsquo;au 10 janvier 2020, sur le site de l&rsquo;association.<\/p>\n<p>Le minist\u00e8re est partenaire d&rsquo;un autre concours national de lecture \u00e0 voix haute \u00e0 destination des \u00e9l\u00e8ves de coll\u00e8ge et de lyc\u00e9e, organis\u00e9 par France T\u00e9l\u00e9visions, dans le cadre de l&rsquo;\u00e9mission \u00ab\u00a0La grande librairie\u00a0\u00bb : <b>\u00ab\u00a0Si on lisait&#8230; \u00e0 voix haute ! \u00ab\u00a0<\/b> ; il a fait l&rsquo;objet d&rsquo;une note en date du 3 octobre dernier.<br \/>\nhttps:\/\/sites.ac-corse.fr\/wp-content\/uploads\/sites\/33\/photo\/art\/default\/1017082-1283534.jpg<\/p>\n<p>4 2020, ann\u00e9e nationale de la bande dessin\u00e9e<br \/>\nLe ministre de la culture a d\u00e9cr\u00e9t\u00e9 l&rsquo;ann\u00e9e 2020 ann\u00e9e nationale de la bande dessin\u00e9e. Le minist\u00e8re de l&rsquo;\u00e9ducation nationale et de la jeunesse accompagnera la promotion de cet art durant toute l&rsquo;ann\u00e9e, et des actions sp\u00e9cifiques seront pr\u00e9vues pour encourager la lecture et l&rsquo;\u00e9criture de BD aupr\u00e8s des \u00e9l\u00e8ves. <\/p>\n<p>Le jeudi 30 janvier 2020, \u00e0 l&rsquo;occasion du lancement officiel de cette ann\u00e9e de la BD lors de l&rsquo;ouverture du Festival International de la Bande Dessin\u00e9e, premier temps fort de ces douze mois, petits et grands seront invit\u00e9s \u00e0 lire des BD lors d&rsquo;un \u00e9v\u00e9nement de port\u00e9e symbolique et d&rsquo;ampleur nationale : <br \/><b>\u00ab\u00a0Bande dessin\u00e9e : le grand rendez-vous\u00a0\u00bb<\/b>. Organis\u00e9 en partenariat avec le Centre National du Livre, cet \u00e9v\u00e9nement est notamment soutenu par France T\u00e9l\u00e9visions et France Inter. Toutes les initiatives de valorisation du genre de la BD doivent \u00eatre encourag\u00e9es ce jour-l\u00e0 ; en particulier, les \u00e9coles et les \u00e9tablissements scolaires ayant mis en place un quart d&rsquo;heure lecture pourront consacrer les lectures du jour \u00e0 la BD. <\/p>\n<p>Il convient aussi d&rsquo;accro\u00eetre la participation au Concours de la bande dessin\u00e9e scolaire, organis\u00e9 chaque ann\u00e9e depuis 47 ans par le Festival International de la Bande Dessin\u00e9e d&rsquo;Angoul\u00eame (<a class=\"link\" href=\"https:\/\/eduscol.education.fr\/cid125490\/concours-de-la-bd-scolaire.html)\">http:\/\/eduscol.education.fr\/concours-bd-scolaire\/<\/a>. Ce concours de cr\u00e9ation de BD s&rsquo;adresse \u00e0 tous les \u00e9l\u00e8ves, de la maternelle \u00e0 la terminale.<\/p>\n<p>Les meilleures bandes dessin\u00e9es par tranche d&rsquo;\u00e2ge sont distingu\u00e9es par un Petit Fauve d&rsquo;Or, d&rsquo;Argent ou de Bronze, remis en janvier de l&rsquo;ann\u00e9e suivante lors du Festival. Les cr\u00e9ations doivent \u00eatre adress\u00e9es au Festival par voie postale au plus tard le 3 mars 2020.<\/p>\n<p>L&rsquo;ensemble des op\u00e9rations et dispositifs \u00e9voqu\u00e9s ci-dessus sont repris dans l&rsquo;espace en ligne : <br \/><a class=\"link\" href=\"https:\/\/eduscol.education.fr\/pid38196\/mobilisation-en-faveur-du-livre-et-de-la-lecture.html\">https:\/\/eduscol.education.fr\/pid38196\/mobilisation-en-faveur-du-livre-et-de-la-lecture.html <\/a><\/p>\n<p>Dans le d\u00e9ploiement de l&rsquo;ensemble de ces mesures, un effort particulier sera fait \u00e0 destination des \u00e9l\u00e8ves scolaris\u00e9s en voie professionnelle.<\/p>\n","protected":false},"excerpt":{"rendered":"<p>1 D\u00e9velopper l&rsquo;acc\u00e8s des \u00e9l\u00e8ves aux livres Les partenariats entre biblioth\u00e8ques publiques et \u00e9tablissements scolaires doivent \u00eatre syst\u00e9matis\u00e9s et formalis\u00e9s, particuli\u00e8rement dans le second degr\u00e9, pour enrichir l&rsquo;offre en ressources et en livres accessibles aux \u00e9l\u00e8ves, assurer des compl\u00e9mentarit\u00e9s entre les centres de documentation et d&rsquo;information (CDI) et les biblioth\u00e8ques, et encourager les \u00e9l\u00e8ves \u00e0 [&hellip;]<\/p>\n","protected":false},"author":84,"featured_media":0,"comment_status":"open","ping_status":"open","sticky":false,"template":"","format":"standard","meta":{"footnotes":""},"categories":[1],"tags":[],"class_list":["post-264","post","type-post","status-publish","format-standard","hentry","category-non-classe"],"_links":{"self":[{"href":"https:\/\/sites.ac-corse.fr\/daac\/wp-json\/wp\/v2\/posts\/264","targetHints":{"allow":["GET"]}}],"collection":[{"href":"https:\/\/sites.ac-corse.fr\/daac\/wp-json\/wp\/v2\/posts"}],"about":[{"href":"https:\/\/sites.ac-corse.fr\/daac\/wp-json\/wp\/v2\/types\/post"}],"author":[{"embeddable":true,"href":"https:\/\/sites.ac-corse.fr\/daac\/wp-json\/wp\/v2\/users\/84"}],"replies":[{"embeddable":true,"href":"https:\/\/sites.ac-corse.fr\/daac\/wp-json\/wp\/v2\/comments?post=264"}],"version-history":[{"count":1,"href":"https:\/\/sites.ac-corse.fr\/daac\/wp-json\/wp\/v2\/posts\/264\/revisions"}],"predecessor-version":[{"id":376,"href":"https:\/\/sites.ac-corse.fr\/daac\/wp-json\/wp\/v2\/posts\/264\/revisions\/376"}],"wp:attachment":[{"href":"https:\/\/sites.ac-corse.fr\/daac\/wp-json\/wp\/v2\/media?parent=264"}],"wp:term":[{"taxonomy":"category","embeddable":true,"href":"https:\/\/sites.ac-corse.fr\/daac\/wp-json\/wp\/v2\/categories?post=264"},{"taxonomy":"post_tag","embeddable":true,"href":"https:\/\/sites.ac-corse.fr\/daac\/wp-json\/wp\/v2\/tags?post=264"}],"curies":[{"name":"wp","href":"https:\/\/api.w.org\/{rel}","templated":true}]}}