{"id":266,"date":"2019-11-18T10:14:00","date_gmt":"2019-11-18T09:14:00","guid":{"rendered":"https:\/\/sites.ac-corse.fr\/daac\/2019\/11\/18\/le-goncourt-des-lyceens-2019-pour-karine-tuil\/"},"modified":"2023-01-16T17:58:10","modified_gmt":"2023-01-16T16:58:10","slug":"le-goncourt-des-lyceens-2019-pour-karine-tuil","status":"publish","type":"post","link":"https:\/\/sites.ac-corse.fr\/daac\/2019\/11\/18\/le-goncourt-des-lyceens-2019-pour-karine-tuil\/","title":{"rendered":"Le Goncourt des lyc\u00e9ens 2019 pour Karine Tuil"},"content":{"rendered":"<p>C&rsquo;est un doubl\u00e9 pour Karine Tuil, tout juste laur\u00e9ate du prix Interalli\u00e9 qui lui a \u00e9t\u00e9 remis, la veille, l\u2019\u00e9crivaine, s&rsquo;est vue couronn\u00e9e le jeudi 14 novembre du prix Goncourt des lyc\u00e9ens pour \u00ab les Choses humaines \u00bb (Gallimard), qui raconte l\u2019explosion d\u2019une famille d\u2019intellectuels provoqu\u00e9e par une affaire de viol. Karine Tuil succ\u00e8de ainsi \u00e0 David Diop, laur\u00e9at l\u2019an dernier avec \u00ab Fr\u00e8re d\u2019\u00e2me \u00bb (Seuil).<br \/>\nhttps:\/\/sites.ac-corse.fr\/wp-content\/uploads\/sites\/33\/photo\/art\/default\/1017016-1283395.jpg<\/p>\n<p>Les jeunes lecteurs ont donc pr\u00e9f\u00e9r\u00e9 ces \u00ab Choses humaines \u00bb, furieusement dans l\u2019air du temps, aux sept autres livres en lice, parmi lesquels \u00ab Soif \u00bb (Albin Michel) d\u2019Am\u00e9lie Nothomb, \u00e9galement finaliste malheureuse du Goncourt alors que son livre sur J\u00e9sus semblait \u00eatre parfaitement calibr\u00e9 pour tenir sous le sapin, juste \u00e0 c\u00f4t\u00e9 de la cr\u00e8che. Favori, pr\u00e9sent sur presque toutes les listes, Santiago Amigorena repart lui aussi bredouille avec son beau \u00ab Ghetto int\u00e9rieur \u00bb (P.O.L), tout comme Anne Pauly et son formidable r\u00e9cit \u00ab Avant que j\u2019oublie \u00bb (Verdier).<\/p>\n","protected":false},"excerpt":{"rendered":"<p>C&rsquo;est un doubl\u00e9 pour Karine Tuil, tout juste laur\u00e9ate du prix Interalli\u00e9 qui lui a \u00e9t\u00e9 remis, la veille, l\u2019\u00e9crivaine, s&rsquo;est vue couronn\u00e9e le jeudi 14 novembre du prix Goncourt des lyc\u00e9ens pour \u00ab les Choses humaines \u00bb (Gallimard), qui raconte l\u2019explosion d\u2019une famille d\u2019intellectuels provoqu\u00e9e par une affaire de viol. Karine Tuil succ\u00e8de ainsi [&hellip;]<\/p>\n","protected":false},"author":84,"featured_media":0,"comment_status":"open","ping_status":"open","sticky":false,"template":"","format":"standard","meta":{"footnotes":""},"categories":[1],"tags":[],"class_list":["post-266","post","type-post","status-publish","format-standard","hentry","category-non-classe"],"_links":{"self":[{"href":"https:\/\/sites.ac-corse.fr\/daac\/wp-json\/wp\/v2\/posts\/266","targetHints":{"allow":["GET"]}}],"collection":[{"href":"https:\/\/sites.ac-corse.fr\/daac\/wp-json\/wp\/v2\/posts"}],"about":[{"href":"https:\/\/sites.ac-corse.fr\/daac\/wp-json\/wp\/v2\/types\/post"}],"author":[{"embeddable":true,"href":"https:\/\/sites.ac-corse.fr\/daac\/wp-json\/wp\/v2\/users\/84"}],"replies":[{"embeddable":true,"href":"https:\/\/sites.ac-corse.fr\/daac\/wp-json\/wp\/v2\/comments?post=266"}],"version-history":[{"count":1,"href":"https:\/\/sites.ac-corse.fr\/daac\/wp-json\/wp\/v2\/posts\/266\/revisions"}],"predecessor-version":[{"id":378,"href":"https:\/\/sites.ac-corse.fr\/daac\/wp-json\/wp\/v2\/posts\/266\/revisions\/378"}],"wp:attachment":[{"href":"https:\/\/sites.ac-corse.fr\/daac\/wp-json\/wp\/v2\/media?parent=266"}],"wp:term":[{"taxonomy":"category","embeddable":true,"href":"https:\/\/sites.ac-corse.fr\/daac\/wp-json\/wp\/v2\/categories?post=266"},{"taxonomy":"post_tag","embeddable":true,"href":"https:\/\/sites.ac-corse.fr\/daac\/wp-json\/wp\/v2\/tags?post=266"}],"curies":[{"name":"wp","href":"https:\/\/api.w.org\/{rel}","templated":true}]}}