{"id":267,"date":"2019-10-17T09:27:00","date_gmt":"2019-10-17T07:27:00","guid":{"rendered":"https:\/\/sites.ac-corse.fr\/daac\/2019\/10\/17\/la-classe-loeuvre-2020\/"},"modified":"2023-01-16T17:58:10","modified_gmt":"2023-01-16T16:58:10","slug":"la-classe-loeuvre-2020","status":"publish","type":"post","link":"https:\/\/sites.ac-corse.fr\/daac\/2019\/10\/17\/la-classe-loeuvre-2020\/","title":{"rendered":"La classe, l&rsquo;oeuvre ! 2020 !"},"content":{"rendered":"<p>\u00ab\u00a0La classe, l\u2019\u0153uvre !\u00a0\u00bb associe une classe et une \u0153uvre ou un objet patrimonial d&rsquo;un mus\u00e9e de proximit\u00e9. Les \u0153uvres sont choisies conjointement par les mus\u00e9es et les \u00e9quipes p\u00e9dagogiques. Elles engagent un travail d&rsquo;appropriation sur un temps long, puis une interpr\u00e9tation con\u00e7ue et mise en \u0153uvre par les \u00e9l\u00e8ves sous la conduite de leurs professeurs et qui permet de travailler en interdisciplinarit\u00e9. Les classes participantes, en lien avec les mus\u00e9es, choisissent librement la forme d&rsquo;expression qu&rsquo;elles souhaitent d\u00e9velopper pour la restitution finale.<\/p>\n<p>Ce dispositif s&rsquo;inscrit dans le cadre du parcours d&rsquo;\u00e9ducation artistique et culturelle, o\u00f9 il interroge les trois piliers : la rencontre avec l&rsquo;oeuvre, la pratique \u00e9clair\u00e9e et les connaissances nourries par le travail en projet.<\/p>\n<p>Le 16 mai 2020, lors de la Nuit europ\u00e9enne des mus\u00e9es, les \u00e9l\u00e8ves qui ont \u00e9tudi\u00e9 toute l&rsquo;ann\u00e9e cette oeuvre choisie, reviendront au mus\u00e9e en famille pour pr\u00e9senter leur m\u00e9diation. Ils se feront \u00ab\u00a0passeurs de culture\u00a0\u00bb.<br \/>\nhttps:\/\/sites.ac-corse.fr\/wp-content\/uploads\/sites\/33\/photo\/art\/default\/1016859-1283060.jpg<\/p>\n<p>Objectifs<br \/>\nPour tous les \u00e9l\u00e8ves des classes d&rsquo;\u00e9cole primaire, de coll\u00e8ge et de lyc\u00e9e les objectifs de l&rsquo;op\u00e9ration sont :<\/p>\n<p> Susciter la rencontre avec des oeuvres d&rsquo;arts, \u00e9duquer le regard des \u00e9l\u00e8ves face aux oeuvres et aux objets de culture et accro\u00eetre leur connaissance des collections ;<br \/> proposer aux \u00e9l\u00e8ves qui auront travaill\u00e9 sur une oeuvre, de devenir m\u00e9diateurs, \u00ab\u00a0passeurs de culture\u00a0\u00bb, l&rsquo;espace d&rsquo;une soir\u00e9e pour la pr\u00e9senter \u00e0 leurs familles et au public de la Nuit europ\u00e9enne des mus\u00e9es.<br \/> renforcer les liens entre \u00e9tablissements scolaires et mus\u00e9es d&rsquo;un m\u00eame territoire par un travail collaboratif et d\u00e9velopper la familiarit\u00e9 des \u00e9l\u00e8ves avec les mus\u00e9es.<\/p>\n<p>\u00ab\u00a0La Classe, l&rsquo;oeuvre !\u00a0\u00bb s&rsquo;inscrit dans l&rsquo;interdisciplinarit\u00e9. Les comp\u00e9tences vis\u00e9es pour les \u00e9l\u00e8ves sont celles du PEAC (Parcours d&rsquo;\u00e9ducation artistique et culturelle). Ce dispositif tout particuli\u00e8rement par la rencontre avec les \u0153uvres, favorise des pratiques collectives ou individuelles dans des domaines artistiques diversifi\u00e9s et l&rsquo;appropriation de connaissances par les \u00e9l\u00e8ves.<\/p>\n<p>Calendrier<br \/>\nOctobre 2019 : d\u00e9but des inscriptions aupr\u00e8s des services centraux (cf. Mode d&#8217;emploi 2019-2020) <\/p>\n<p>Une fois inscrits, les participants \u00e0 l&rsquo;op\u00e9ration peuvent commencer \u00e0 mettre en ligne tous les renseignements et documents relatifs \u00e0 leurs projets (pr\u00e9sentation de l&rsquo;oeuvre, fiche p\u00e9dagogique du projet&#8230;)<\/p>\n<p> 23 mars 2020 : fin des inscriptions<br \/> 20 avril 2020 : fin de la mise en ligne des documents relatifs aux projets. <\/p>\n<p>Les comit\u00e9s de pilotage r\u00e9gionaux font remonter aux correspondants nationaux les projets remarquables.<\/p>\n<p> Samedi 16 mai 2020 : Nuit europ\u00e9enne des mus\u00e9es<\/p>\n<p>Apr\u00e8s la Nuit europ\u00e9enne des mus\u00e9es : mise en ligne des restitutions des m\u00e9diations.<\/p>\n<p>Vendredi 26 juin 2020 : cl\u00f4ture de l&rsquo;\u00e9dition 2019-2020 et fermeture de l&rsquo;acc\u00e8s au site<\/p>\n<p>Au-del\u00e0 de cette date, les porteurs de projets ne peuvent plus contribuer sur le site d\u00e9di\u00e9 \u00e0 l&rsquo;op\u00e9ration. Les projets demeurent en revanche consultables.<\/p>\n<p>Liens &amp; documents<br \/>\nPlus de renseignements sur \u00ab\u00a0La classe, l\u2019\u0153uvre !\u00a0\u00bb sur :<\/p>\n<p><a class=\"link\" href=\"https:\/\/eduscol.education.fr\/cid73643\/la-classe-l-oeuvre-2018-2019.html\">Eduscol <\/a><\/p>\n<p><a class=\"link\" href=\"https:\/\/www.reseau-canope.fr\/la-classe-loeuvre\/accueil.html\">R\u00e9seau Canop\u00e9<\/a><\/p>\n<p><a class=\"link\" href=\"https:\/\/www.culture.gouv.fr\/Sites-thematiques\/Connaissance-des-patrimoines\/Connaissance-des-publics\/Actions\/La-classe-l-oeuvre\">culture.gouv<\/a><\/p>\n","protected":false},"excerpt":{"rendered":"<p>\u00ab\u00a0La classe, l\u2019\u0153uvre !\u00a0\u00bb associe une classe et une \u0153uvre ou un objet patrimonial d&rsquo;un mus\u00e9e de proximit\u00e9. Les \u0153uvres sont choisies conjointement par les mus\u00e9es et les \u00e9quipes p\u00e9dagogiques. Elles engagent un travail d&rsquo;appropriation sur un temps long, puis une interpr\u00e9tation con\u00e7ue et mise en \u0153uvre par les \u00e9l\u00e8ves sous la conduite de leurs [&hellip;]<\/p>\n","protected":false},"author":84,"featured_media":0,"comment_status":"open","ping_status":"open","sticky":false,"template":"","format":"standard","meta":{"footnotes":""},"categories":[1],"tags":[],"class_list":["post-267","post","type-post","status-publish","format-standard","hentry","category-non-classe"],"_links":{"self":[{"href":"https:\/\/sites.ac-corse.fr\/daac\/wp-json\/wp\/v2\/posts\/267","targetHints":{"allow":["GET"]}}],"collection":[{"href":"https:\/\/sites.ac-corse.fr\/daac\/wp-json\/wp\/v2\/posts"}],"about":[{"href":"https:\/\/sites.ac-corse.fr\/daac\/wp-json\/wp\/v2\/types\/post"}],"author":[{"embeddable":true,"href":"https:\/\/sites.ac-corse.fr\/daac\/wp-json\/wp\/v2\/users\/84"}],"replies":[{"embeddable":true,"href":"https:\/\/sites.ac-corse.fr\/daac\/wp-json\/wp\/v2\/comments?post=267"}],"version-history":[{"count":1,"href":"https:\/\/sites.ac-corse.fr\/daac\/wp-json\/wp\/v2\/posts\/267\/revisions"}],"predecessor-version":[{"id":379,"href":"https:\/\/sites.ac-corse.fr\/daac\/wp-json\/wp\/v2\/posts\/267\/revisions\/379"}],"wp:attachment":[{"href":"https:\/\/sites.ac-corse.fr\/daac\/wp-json\/wp\/v2\/media?parent=267"}],"wp:term":[{"taxonomy":"category","embeddable":true,"href":"https:\/\/sites.ac-corse.fr\/daac\/wp-json\/wp\/v2\/categories?post=267"},{"taxonomy":"post_tag","embeddable":true,"href":"https:\/\/sites.ac-corse.fr\/daac\/wp-json\/wp\/v2\/tags?post=267"}],"curies":[{"name":"wp","href":"https:\/\/api.w.org\/{rel}","templated":true}]}}