{"id":271,"date":"2019-09-12T09:28:00","date_gmt":"2019-09-12T07:28:00","guid":{"rendered":"https:\/\/sites.ac-corse.fr\/daac\/2019\/09\/12\/levez-les-yeux-le-patrimoine-en-met-plein-la-vue-de-nouveaux-rendez-vous-pour-leducation-artistique-et-culturelle\/"},"modified":"2023-01-16T17:58:10","modified_gmt":"2023-01-16T16:58:10","slug":"levez-les-yeux-le-patrimoine-en-met-plein-la-vue-de-nouveaux-rendez-vous-pour-leducation-artistique-et-culturelle","status":"publish","type":"post","link":"https:\/\/sites.ac-corse.fr\/daac\/2019\/09\/12\/levez-les-yeux-le-patrimoine-en-met-plein-la-vue-de-nouveaux-rendez-vous-pour-leducation-artistique-et-culturelle\/","title":{"rendered":"\u00ab Levez les yeux ! Le patrimoine en met plein la vue \u00bb : de nouveaux rendez-vous pour l\u2019\u00e9ducation artistique et culturelle !"},"content":{"rendered":"<p>Cette journ\u00e9e dont le mot d&rsquo;ordre sera \u00ab\u00a0Levez les yeux !\u00a0\u00bb aura lieu sur l&rsquo;ensemble du territoire le vendredi 20 septembre 2019, veille des Journ\u00e9es europ\u00e9ennes du patrimoine.<\/p>\n<p>La d\u00e9couverte du patrimoine est essentielle pour la formation des jeunes qui apprennent ainsi \u00e0 regarder, \u00e0 comprendre, \u00e0 admirer le monde qui les entoure. Lire l&rsquo;architecture, d\u00e9couvrir les jardins remarquables, pratiquer la lecture des paysages, se sensibiliser au patrimoine mat\u00e9riel ou immat\u00e9riel, d\u00e9chiffrer la ville, les campagnes sont des aiguillons n\u00e9cessaires pour d\u00e9velopper la cr\u00e9ativit\u00e9 des \u00e9l\u00e8ves et leur permettre, \u00e0 leur tour, d&rsquo;\u00eatre des b\u00e2tisseurs de patrimoine.<\/p>\n<p>Le 20 septembre, il est donc propos\u00e9 aux professeurs de la maternelle \u00e0 la Terminale, d&rsquo;accompagner leurs \u00e9l\u00e8ves dans des lieux de patrimoine. Il peut s&rsquo;agir du patrimoine de proximit\u00e9 (le b\u00e2timent de l&rsquo;\u00e9cole, l&rsquo;\u00e9glise, le lavoir d&rsquo;un village ou les rues et monuments d&rsquo;une ville) ou de lieux remarquables comme les monuments historiques.<br \/>\nhttps:\/\/sites.ac-corse.fr\/wp-content\/uploads\/sites\/33\/photo\/art\/default\/1016666-1282615.jpg<\/p>\n<p>\u00ab\u00a0Levez les yeux !\u00a0\u00bb prend appui et g\u00e9n\u00e9ralise les initiatives et op\u00e9rations d\u00e9j\u00e0 existantes, con\u00e7ues et organis\u00e9es par un grand nombre d&rsquo;acteurs locaux et associatifs de d\u00e9fense du patrimoine et de valorisation de l&rsquo;architecture, engag\u00e9s de longue date dans des programmes de sensibilisation des jeunes :<\/p>\n<p> En premier lieu, le dispositif Les Enfants du patrimoine conduit par la F\u00e9d\u00e9ration nationale des Conseils d&rsquo;architecture, d&rsquo;urbanisme et de l&rsquo;environnement (FNCAUE) et soutenu par le minist\u00e8re de la Culture, qui existe depuis 10 ans en Ile-de-France et est \u00e9tendu depuis deux ans \u00e0 d&rsquo;autres territoires.<br \/> Aussi, les actions des acteurs soutenus par le minist\u00e8re de la Culture tels que le R\u00e9seau des maisons d&rsquo;architecture (RMA), les Villes et pays d&rsquo;art et d&rsquo;histoire, Sites et cit\u00e9s remarquables de France, Vieilles maisons fran\u00e7aises, Demeure historique, F\u00e9d\u00e9ration Patrimoine-Environnement, la Fondation Sauvegarde de l&rsquo;art fran\u00e7ais, Rempart, CHAM (Chantiers histoire et architecture m\u00e9di\u00e9vales), la Fondation du patrimoine et la f\u00e9d\u00e9ration des mus\u00e9es d&rsquo;agriculture et du patrimoine rural (AFMA)&#8230;<\/p>\n<p>Dans le prolongement de cette journ\u00e9e, d&rsquo;autres manifestations seront aussi propos\u00e9es aux \u00e9l\u00e8ves comme le vendredi 18 octobre 2019, veille des Journ\u00e9es nationales de l&rsquo;architecture, tant l&rsquo;art de b\u00e2tir est intrins\u00e8quement li\u00e9 au patrimoine. Car l&rsquo;architecture contemporaine qui nous entoure et qui forme notre cadre de vie quotidien, sera notre patrimoine de demain.<\/p>\n<p>\u00ab\u00a0Levez les yeux !\u00a0\u00bb r\u00e9pond \u00e0 l&rsquo;objectif fix\u00e9 par le Pr\u00e9sident de la R\u00e9publique de faire b\u00e9n\u00e9ficier 100 % d&rsquo;\u00e9l\u00e8ves d&rsquo;une \u00e9ducation artistique et culturelle de qualit\u00e9.<\/p>\n<p>Le Vademecum de l&rsquo;op\u00e9ration<br \/>\nPour aider les professeurs, les ministres mettent \u00e0 leur disposition un guide r\u00e9alis\u00e9 en partenariat avec l&rsquo;INHA. En outre, l&rsquo;\u00e9tude du patrimoine fait son entr\u00e9e au programme de l&rsquo;enseignement de sp\u00e9cialit\u00e9 histoire, g\u00e9ographie, g\u00e9opolitique et sciences politiques pour la classe de terminale g\u00e9n\u00e9rale.<br \/>\nhttps:\/\/sites.ac-corse.fr\/wp-content\/uploads\/sites\/33\/photo\/art\/default\/1016666-1282618.jpg<\/p>\n","protected":false},"excerpt":{"rendered":"<p>Cette journ\u00e9e dont le mot d&rsquo;ordre sera \u00ab\u00a0Levez les yeux !\u00a0\u00bb aura lieu sur l&rsquo;ensemble du territoire le vendredi 20 septembre 2019, veille des Journ\u00e9es europ\u00e9ennes du patrimoine. La d\u00e9couverte du patrimoine est essentielle pour la formation des jeunes qui apprennent ainsi \u00e0 regarder, \u00e0 comprendre, \u00e0 admirer le monde qui les entoure. Lire l&rsquo;architecture, [&hellip;]<\/p>\n","protected":false},"author":84,"featured_media":0,"comment_status":"open","ping_status":"open","sticky":false,"template":"","format":"standard","meta":{"footnotes":""},"categories":[1],"tags":[],"class_list":["post-271","post","type-post","status-publish","format-standard","hentry","category-non-classe"],"_links":{"self":[{"href":"https:\/\/sites.ac-corse.fr\/daac\/wp-json\/wp\/v2\/posts\/271","targetHints":{"allow":["GET"]}}],"collection":[{"href":"https:\/\/sites.ac-corse.fr\/daac\/wp-json\/wp\/v2\/posts"}],"about":[{"href":"https:\/\/sites.ac-corse.fr\/daac\/wp-json\/wp\/v2\/types\/post"}],"author":[{"embeddable":true,"href":"https:\/\/sites.ac-corse.fr\/daac\/wp-json\/wp\/v2\/users\/84"}],"replies":[{"embeddable":true,"href":"https:\/\/sites.ac-corse.fr\/daac\/wp-json\/wp\/v2\/comments?post=271"}],"version-history":[{"count":1,"href":"https:\/\/sites.ac-corse.fr\/daac\/wp-json\/wp\/v2\/posts\/271\/revisions"}],"predecessor-version":[{"id":383,"href":"https:\/\/sites.ac-corse.fr\/daac\/wp-json\/wp\/v2\/posts\/271\/revisions\/383"}],"wp:attachment":[{"href":"https:\/\/sites.ac-corse.fr\/daac\/wp-json\/wp\/v2\/media?parent=271"}],"wp:term":[{"taxonomy":"category","embeddable":true,"href":"https:\/\/sites.ac-corse.fr\/daac\/wp-json\/wp\/v2\/categories?post=271"},{"taxonomy":"post_tag","embeddable":true,"href":"https:\/\/sites.ac-corse.fr\/daac\/wp-json\/wp\/v2\/tags?post=271"}],"curies":[{"name":"wp","href":"https:\/\/api.w.org\/{rel}","templated":true}]}}