{"id":278,"date":"2018-12-03T10:00:00","date_gmt":"2018-12-03T09:00:00","guid":{"rendered":"https:\/\/sites.ac-corse.fr\/daac\/2018\/12\/03\/histoire-des-arts-2\/"},"modified":"2023-01-16T17:58:10","modified_gmt":"2023-01-16T16:58:10","slug":"histoire-des-arts-2","status":"publish","type":"post","link":"https:\/\/sites.ac-corse.fr\/daac\/2018\/12\/03\/histoire-des-arts-2\/","title":{"rendered":"Histoire des Arts"},"content":{"rendered":"<p>La lettre d&rsquo;information n\u00b0 35<br \/>\nLa lettre d&rsquo;information n\u00b0 35 a \u00e9t\u00e9 publi\u00e9e, pour la lire, cliquez sur le lien ci-dessous.<\/p>\n<p><a class=\"link\" href=\"http:\/\/www.histoiredesarts.culture.fr\/lettre-information\">Histoire des Arts &#8211; lettre d&rsquo;information n\u00b0 35<\/a><br \/>\nhttps:\/\/sites.ac-corse.fr\/wp-content\/uploads\/sites\/33\/photo\/art\/default\/1015325-1279511.jpg<\/p>\n<p>Liens utiles<br \/>\nA d\u00e9couvrir, <br \/>Le <a class=\"link\" href=\"Portail\">Portail national histoire des arts \u00e9duscol<\/a> national histoire des arts \u00e9duscol du Minist\u00e8re de l&rsquo;Education nationale<br \/>Le portail national Eduscol histoire des arts s&rsquo;organise autour de quatre entr\u00e9es : enseigner, se former, s&rsquo;informer et actualit\u00e9s. Il pr\u00e9sente les actualit\u00e9s de la discipline, les programmes, les ressources et des sc\u00e9narios p\u00e9dagogiques pour le coll\u00e8ge et le lyc\u00e9e. du Minist\u00e8re de l\u2019\u00c9ducation nationale<br \/>Le portail national Eduscol histoire des arts s&rsquo;organise autour de quatre entr\u00e9es :<br \/>enseigner, se former, s&rsquo;informer et actualit\u00e9s. <br \/>Il pr\u00e9sente les actualit\u00e9s de la discipline, les programmes, les ressources et des sc\u00e9narios p\u00e9dagogiques pour le coll\u00e8ge et le lyc\u00e9e.<\/p>\n<p>Pour Rappel,<br \/> le site de <a class=\"link\" href=\"http:\/\/www.histoiredesarts.culture.fr\/index.php\">l&rsquo;Histoire des Arts sur Culture.fr<\/a><\/p>\n","protected":false},"excerpt":{"rendered":"<p>La lettre d&rsquo;information n\u00b0 35 La lettre d&rsquo;information n\u00b0 35 a \u00e9t\u00e9 publi\u00e9e, pour la lire, cliquez sur le lien ci-dessous. Histoire des Arts &#8211; lettre d&rsquo;information n\u00b0 35 https:\/\/sites.ac-corse.fr\/wp-content\/uploads\/sites\/33\/photo\/art\/default\/1015325-1279511.jpg Liens utiles A d\u00e9couvrir, Le Portail national histoire des arts \u00e9duscol national histoire des arts \u00e9duscol du Minist\u00e8re de l&rsquo;Education nationaleLe portail national Eduscol histoire [&hellip;]<\/p>\n","protected":false},"author":84,"featured_media":0,"comment_status":"open","ping_status":"open","sticky":false,"template":"","format":"standard","meta":{"footnotes":""},"categories":[1],"tags":[],"class_list":["post-278","post","type-post","status-publish","format-standard","hentry","category-non-classe"],"_links":{"self":[{"href":"https:\/\/sites.ac-corse.fr\/daac\/wp-json\/wp\/v2\/posts\/278","targetHints":{"allow":["GET"]}}],"collection":[{"href":"https:\/\/sites.ac-corse.fr\/daac\/wp-json\/wp\/v2\/posts"}],"about":[{"href":"https:\/\/sites.ac-corse.fr\/daac\/wp-json\/wp\/v2\/types\/post"}],"author":[{"embeddable":true,"href":"https:\/\/sites.ac-corse.fr\/daac\/wp-json\/wp\/v2\/users\/84"}],"replies":[{"embeddable":true,"href":"https:\/\/sites.ac-corse.fr\/daac\/wp-json\/wp\/v2\/comments?post=278"}],"version-history":[{"count":1,"href":"https:\/\/sites.ac-corse.fr\/daac\/wp-json\/wp\/v2\/posts\/278\/revisions"}],"predecessor-version":[{"id":390,"href":"https:\/\/sites.ac-corse.fr\/daac\/wp-json\/wp\/v2\/posts\/278\/revisions\/390"}],"wp:attachment":[{"href":"https:\/\/sites.ac-corse.fr\/daac\/wp-json\/wp\/v2\/media?parent=278"}],"wp:term":[{"taxonomy":"category","embeddable":true,"href":"https:\/\/sites.ac-corse.fr\/daac\/wp-json\/wp\/v2\/categories?post=278"},{"taxonomy":"post_tag","embeddable":true,"href":"https:\/\/sites.ac-corse.fr\/daac\/wp-json\/wp\/v2\/tags?post=278"}],"curies":[{"name":"wp","href":"https:\/\/api.w.org\/{rel}","templated":true}]}}