{"id":279,"date":"2018-11-06T16:19:00","date_gmt":"2018-11-06T15:19:00","guid":{"rendered":"https:\/\/sites.ac-corse.fr\/daac\/2018\/11\/06\/lancement-de-la-7eme-edition-du-prix-de-laudace-artistique-et-culturelle\/"},"modified":"2023-01-16T17:58:10","modified_gmt":"2023-01-16T16:58:10","slug":"lancement-de-la-7eme-edition-du-prix-de-laudace-artistique-et-culturelle","status":"publish","type":"post","link":"https:\/\/sites.ac-corse.fr\/daac\/2018\/11\/06\/lancement-de-la-7eme-edition-du-prix-de-laudace-artistique-et-culturelle\/","title":{"rendered":"lancement de la 7\u00e8me \u00e9dition du Prix de l\u2019Audace artistique et culturelle"},"content":{"rendered":"<p>Le Prix de l&rsquo;Audace artistique et culturelle permet de distinguer un trin\u00f4me \u00ab\u00a0partenaire culturel-\u00e9tablissement scolaire-collectivit\u00e9 territoriale\u00a0\u00bb portant un projet d&rsquo;\u00e9ducation artistique et culturelle exemplaire en faveur de l&rsquo;acc\u00e8s des jeunes aux arts et \u00e0 la culture. <\/p>\n<p>Les projets d&rsquo;\u00e9ducation artistique et culturelle pr\u00e9sent\u00e9s dans ce cadre peuvent concerner tous les domaines d&rsquo;expression artistique et toutes les dimensions de la culture.<br \/>\nhttps:\/\/sites.ac-corse.fr\/wp-content\/uploads\/sites\/33\/photo\/art\/default\/1015138-1279046.jpg<\/p>\n<p>Organisation<br \/>\nDans chaque acad\u00e9mie, le d\u00e9l\u00e9gu\u00e9 acad\u00e9mique \u00e0 l&rsquo;\u00e9ducation artistique et \u00e0 l&rsquo;action culturelle (DAAC), le directeur r\u00e9gional des affaires culturelles (DRAC) et, le cas \u00e9ch\u00e9ant, le charg\u00e9 de mission culture de la direction r\u00e9gionale de l&rsquo;alimentation, de l&rsquo;agriculture et de la for\u00eat (DRAAF) s\u00e9lectionnent trois projets d&rsquo;\u00e9ducation artistique et culturelle exemplaires d\u00e9velopp\u00e9s au sein de leur territoire dans chacun des niveaux : \u00e9cole, coll\u00e8ge et lyc\u00e9e.<\/p>\n<p>Le secr\u00e9tariat du Prix fait une premi\u00e8re s\u00e9lection de 15 dossiers. Il est constitu\u00e9 de repr\u00e9sentants des minist\u00e8res de l&rsquo;\u00c9ducation nationale et de la Jeunesse, de la Culture, de l&rsquo;Agriculture et de l&rsquo;Alimentation et de repr\u00e9sentants de la fondation Culture &amp; Diversit\u00e9.<\/p>\n<p>Un jury d&rsquo;environ 20 personnes s\u00e9lectionne les 3 laur\u00e9ats du Prix, chacun \u00e9tant constitu\u00e9 par le trin\u00f4me \u00ab\u00a0\u00e9tablissement scolaire &#8211; partenaire culturel &#8211; collectivit\u00e9 territoriale\u00a0\u00bb.<\/p>\n<p>Trois troph\u00e9es et trois dotations : 7500 \u20ac pour chacun des laur\u00e9ats \u00e9cole &#8211; coll\u00e8ge &#8211; lyc\u00e9e afin de d\u00e9velopper leurs projets.<\/p>\n<p>Objectifs p\u00e9dagogiques<br \/>\n&#8211; En termes de rencontres : favoriser la rencontre avec les oeuvres, les artistes et les propositions culturelles du territoire, dans une d\u00e9marche de sensibilisation ;<br \/>&#8211; En termes de pratique : utiliser des techniques d&rsquo;expression artistique adapt\u00e9es \u00e0 une production, mettre en oeuvre un processus de cr\u00e9ation, r\u00e9fl\u00e9chir sur sa pratique, s&rsquo;int\u00e9grer dans un processus collectif, aboutir \u00e0 une r\u00e9alisation restituant la d\u00e9marche de projet artistique et culturel dans une forme aboutie ou non ;<br \/>&#8211; En termes de connaissances : acqu\u00e9rir, en lien avec les apprentissages, un langage culturel permettant de d\u00e9velopper un sens critique, de mettre en relation et de mobiliser ses connaissances et savoirs.<\/p>\n<p>Calendrier<br \/>\n<b>&#8211; Octobre 2018 : d\u00e9marrage du prix<br \/> &#8211; 25 janvier 2019 : fin de r\u00e9ception des dossiers de candidature<br \/> &#8211; 11 et 12 mars 2019 : secr\u00e9tariat du prix et s\u00e9lection des 15 projets finalistes<br \/> &#8211; 17 avril 2019 : jury de s\u00e9lection des laur\u00e9ats<br \/> &#8211; Juin 2019 : remise des prix<br \/><\/b><\/p>\n<p>Liens et documents<br \/>\n<a class=\"link\" href=\"http:\/\/www.education.gouv.fr\/cid71428\/prix-de-l-audace-artistique-et-culturelle.html\">Prix de l&rsquo;Audace artistique et culturelle sur education.gouv.fr<\/a><\/p>\n<p><a class=\"link\" href=\"http:\/\/eduscol.education.fr\/cid72063\/prix-de-l-audace-artistique-et-culturelle.html\">Prix de l&rsquo;Audace artistique et culturelle sur Eduscol<\/a><\/p>\n<p><a class=\"link\" href=\"http:\/\/www.fondationcultureetdiversite.org\/programmes\/prix-de-l-audace-artistique-et-culturelle_p548710\">Prix de l&rsquo;Audace artistique et culturelle sur le site Fondation et diversit\u00e9<\/a><\/p>\n","protected":false},"excerpt":{"rendered":"<p>Le Prix de l&rsquo;Audace artistique et culturelle permet de distinguer un trin\u00f4me \u00ab\u00a0partenaire culturel-\u00e9tablissement scolaire-collectivit\u00e9 territoriale\u00a0\u00bb portant un projet d&rsquo;\u00e9ducation artistique et culturelle exemplaire en faveur de l&rsquo;acc\u00e8s des jeunes aux arts et \u00e0 la culture. Les projets d&rsquo;\u00e9ducation artistique et culturelle pr\u00e9sent\u00e9s dans ce cadre peuvent concerner tous les domaines d&rsquo;expression artistique et toutes [&hellip;]<\/p>\n","protected":false},"author":84,"featured_media":0,"comment_status":"open","ping_status":"open","sticky":false,"template":"","format":"standard","meta":{"footnotes":""},"categories":[1],"tags":[],"class_list":["post-279","post","type-post","status-publish","format-standard","hentry","category-non-classe"],"_links":{"self":[{"href":"https:\/\/sites.ac-corse.fr\/daac\/wp-json\/wp\/v2\/posts\/279","targetHints":{"allow":["GET"]}}],"collection":[{"href":"https:\/\/sites.ac-corse.fr\/daac\/wp-json\/wp\/v2\/posts"}],"about":[{"href":"https:\/\/sites.ac-corse.fr\/daac\/wp-json\/wp\/v2\/types\/post"}],"author":[{"embeddable":true,"href":"https:\/\/sites.ac-corse.fr\/daac\/wp-json\/wp\/v2\/users\/84"}],"replies":[{"embeddable":true,"href":"https:\/\/sites.ac-corse.fr\/daac\/wp-json\/wp\/v2\/comments?post=279"}],"version-history":[{"count":1,"href":"https:\/\/sites.ac-corse.fr\/daac\/wp-json\/wp\/v2\/posts\/279\/revisions"}],"predecessor-version":[{"id":391,"href":"https:\/\/sites.ac-corse.fr\/daac\/wp-json\/wp\/v2\/posts\/279\/revisions\/391"}],"wp:attachment":[{"href":"https:\/\/sites.ac-corse.fr\/daac\/wp-json\/wp\/v2\/media?parent=279"}],"wp:term":[{"taxonomy":"category","embeddable":true,"href":"https:\/\/sites.ac-corse.fr\/daac\/wp-json\/wp\/v2\/categories?post=279"},{"taxonomy":"post_tag","embeddable":true,"href":"https:\/\/sites.ac-corse.fr\/daac\/wp-json\/wp\/v2\/tags?post=279"}],"curies":[{"name":"wp","href":"https:\/\/api.w.org\/{rel}","templated":true}]}}