{"id":282,"date":"2018-09-18T11:23:00","date_gmt":"2018-09-18T09:23:00","guid":{"rendered":"https:\/\/sites.ac-corse.fr\/daac\/2018\/09\/18\/college-au-cinema-et-lyceens-et-apprentis-au-cinema\/"},"modified":"2023-01-16T17:58:11","modified_gmt":"2023-01-16T16:58:11","slug":"college-au-cinema-et-lyceens-et-apprentis-au-cinema","status":"publish","type":"post","link":"https:\/\/sites.ac-corse.fr\/daac\/2018\/09\/18\/college-au-cinema-et-lyceens-et-apprentis-au-cinema\/","title":{"rendered":"\u00ab\u00a0Coll\u00e8ge au Cin\u00e9ma\u00a0\u00bb et \u00ab\u00a0Lyc\u00e9ens et apprentis au Cin\u00e9ma\u00a0\u00bb"},"content":{"rendered":"<p>Depuis leur cr\u00e9ation les dispositifs \u00ab\u00a0Coll\u00e8ge au cin\u00e9ma\u00a0\u00bb et \u00ab Lyc\u00e9ens et apprentis au cin\u00e9ma \u00bb en partenariat avec le CNC, la CdC, les associations et les salles de cin\u00e9ma, proposent aux \u00e9l\u00e8ves, de d\u00e9couvrir des \u0153uvres cin\u00e9matographiques lors de projections organis\u00e9es sp\u00e9cialement \u00e0 leur intention dans les salles de cin\u00e9ma et de se constituer ainsi, gr\u00e2ce au travail p\u00e9dagogique d&rsquo;accompagnement conduit par les enseignants et les partenaires culturels, les bases d&rsquo;une culture cin\u00e9matographique. <br \/>La participation \u00e0 cette action repose sur le volontariat des chefs d&rsquo;\u00e9tablissements et des enseignants qui souhaitent y faire participer leurs classes. Les activit\u00e9s de sont inscrites dans le temps et le calendrier scolaire au rythme minimum d&rsquo;une projection par trimestre.<\/p>\n<p>Objectifs<br \/>\n&#8211; Former le go\u00fbt et susciter la curiosit\u00e9 de l&rsquo;\u00e9l\u00e8ve spectateur par la d\u00e9couverte d\u2019\u0153uvres cin\u00e9matographiques en salle, dans leur format d&rsquo;origine, notamment en version originale <br \/>&#8211; Offrir, dans le cadre du partenariat entre les minist\u00e8res concern\u00e9s et les collectivit\u00e9s territoriales, des prolongements p\u00e9dagogiques et des formations <br \/>&#8211; Veiller \u00e0 l\u2019acc\u00e8s sur l&rsquo;ensemble du territoire du plus grand nombre d&rsquo;\u00e9l\u00e8ves \u00e0 la culture cin\u00e9matographique <br \/>&#8211; Participer au d\u00e9veloppement d&rsquo;une pratique culturelle de qualit\u00e9 en favorisant le d\u00e9veloppement de liens r\u00e9guliers entre les jeunes et les salles de cin\u00e9ma <\/p>\n<p>Les films pr\u00e9sent\u00e9s en version originale sous-titr\u00e9e en fran\u00e7ais, b\u00e9n\u00e9ficient de tirages de copies neuves ; ils sont majoritairement class\u00e9s art et essai et privil\u00e9gient les films fran\u00e7ais, europ\u00e9ens et les cin\u00e9matographies peu diffus\u00e9es. <br \/>Chaque film est accompagn\u00e9 d&rsquo;un dossier p\u00e9dagogique (dossier ma\u00eetre) destin\u00e9 \u00e0 l&rsquo;enseignant et d&rsquo;une fiche th\u00e9matique remise \u00e0 chaque \u00e9l\u00e8ve (fiche \u00e9l\u00e8ve). <br \/><b><br \/>pour participer<\/b><br \/>Les enseignants d\u00e9sireux de participer doivent s&rsquo;inscrire en renvoyant le formulaire d&rsquo;inscription sign\u00e9 par courrier <span class=\"fluo_cyan\">avant le 4 octobre 2018<\/span> d\u00e9lai de rigueur \u00e0 l&rsquo;adresse : <\/p>\n<p><b>Rectorat de Corse<br \/>D\u00e9l\u00e9gation Acad\u00e9mique \u00e0 Action Culturelle<br \/>Boulevard Pascal Rossini &#8211; BP 808 &#8211; 20192 Ajaccio CEDEX 4<\/p>\n<p><\/b><\/p>\n<p>Corse du Sud<br \/>\n<b>Coll\u00e8ge<br \/><\/b><br \/>&#8211; \u00ab\u00a0Du silence et des ombres\u00a0\u00bb Robert Mulligan &#8211; USA 1962 &#8211; 2h09 : 1er trimestre<br \/>&#8211; \u00ab\u00a0Ilo Ilo\u00a0\u00bb Anthony Chen &#8211; Singapour 2013 &#8211; 1h39 : 2\u00e8me trimestre<br \/>&#8211; \u00ab\u00a0Adama\u00a0\u00bb Simon Rouby &#8211; France 2015 &#8211; 1h21 : 3\u00e8me trimestre<\/p>\n<p><b>Lyc\u00e9e :<\/b><br \/>&#8211; \u00ab\u00a0Bonnie and Clyde\u00a0\u00bb &#8211; Arthur Penn &#8211; USA 1967 \u2013 1 h 52 : 1er trimestre<br \/>&#8211; \u00ab\u00a0Burn After Reading\u00a0\u00bb &#8211; Jo\u00ebl\/Ethan Coen &#8211; GB\/USA 2008 \u2013 1 h 35 : 2\u00e8me trimestre<br \/>&#8211; \u00ab\u00a0Bande de filles\u00a0\u00bb &#8211; C\u00e9line Sciamma &#8211; France 2014 \u2013 1 h 52 : 3\u00e8me trimestre<br \/>\nhttps:\/\/sites.ac-corse.fr\/wp-content\/uploads\/sites\/33\/photo\/art\/default\/1014921-1278605.jpg<\/p>\n<p>En Haute-Corse<br \/>\n<b>Coll\u00e8ge<\/b><\/p>\n<p>&#8211; \u00ab\u00a0L&rsquo;aventure de Mme Muir\u00a0\u00bb \u2013 1948 &#8211; Joseph L. Mankiewicz : 1er trimestre<br \/>&#8211; \u00ab\u00a0Billy Elliot\u00a0\u00bb \u2013 2000 &#8211; Stephen Daldry : 2\u00e8me trimestre<br \/>&#8211; \u00ab\u00a0Quai des orf\u00e8vres \u00a0\u00bb 1947 &#8211; Henri-Georges Clouzot : 3\u00e8me trimestre<\/p>\n<p><b>Lyc\u00e9e :<\/b><\/p>\n<p>&#8211; \u00ab\u00a0Les yeux sans visage\u00a0\u00bb \u2013 Georges Franju : 1er trimestre<br \/>&#8211; \u00ab\u00a0Bonnie and Clyde\u00a0\u00bb \u2013 Arthur Penn : 2\u00e8me trimestre<br \/>&#8211; \u00ab\u00a0Mr Smith au s\u00e9nat\u00a0\u00bb \u2013 Franck Capra : 3\u00e8me trimestre<br \/>\nhttps:\/\/sites.ac-corse.fr\/wp-content\/uploads\/sites\/33\/photo\/art\/default\/1014921-1278606.jpg<\/p>\n<p>Inscriptions<\/p>\n","protected":false},"excerpt":{"rendered":"<p>Depuis leur cr\u00e9ation les dispositifs \u00ab\u00a0Coll\u00e8ge au cin\u00e9ma\u00a0\u00bb et \u00ab Lyc\u00e9ens et apprentis au cin\u00e9ma \u00bb en partenariat avec le CNC, la CdC, les associations et les salles de cin\u00e9ma, proposent aux \u00e9l\u00e8ves, de d\u00e9couvrir des \u0153uvres cin\u00e9matographiques lors de projections organis\u00e9es sp\u00e9cialement \u00e0 leur intention dans les salles de cin\u00e9ma et de se constituer [&hellip;]<\/p>\n","protected":false},"author":84,"featured_media":0,"comment_status":"open","ping_status":"open","sticky":false,"template":"","format":"standard","meta":{"footnotes":""},"categories":[1],"tags":[],"class_list":["post-282","post","type-post","status-publish","format-standard","hentry","category-non-classe"],"_links":{"self":[{"href":"https:\/\/sites.ac-corse.fr\/daac\/wp-json\/wp\/v2\/posts\/282","targetHints":{"allow":["GET"]}}],"collection":[{"href":"https:\/\/sites.ac-corse.fr\/daac\/wp-json\/wp\/v2\/posts"}],"about":[{"href":"https:\/\/sites.ac-corse.fr\/daac\/wp-json\/wp\/v2\/types\/post"}],"author":[{"embeddable":true,"href":"https:\/\/sites.ac-corse.fr\/daac\/wp-json\/wp\/v2\/users\/84"}],"replies":[{"embeddable":true,"href":"https:\/\/sites.ac-corse.fr\/daac\/wp-json\/wp\/v2\/comments?post=282"}],"version-history":[{"count":1,"href":"https:\/\/sites.ac-corse.fr\/daac\/wp-json\/wp\/v2\/posts\/282\/revisions"}],"predecessor-version":[{"id":394,"href":"https:\/\/sites.ac-corse.fr\/daac\/wp-json\/wp\/v2\/posts\/282\/revisions\/394"}],"wp:attachment":[{"href":"https:\/\/sites.ac-corse.fr\/daac\/wp-json\/wp\/v2\/media?parent=282"}],"wp:term":[{"taxonomy":"category","embeddable":true,"href":"https:\/\/sites.ac-corse.fr\/daac\/wp-json\/wp\/v2\/categories?post=282"},{"taxonomy":"post_tag","embeddable":true,"href":"https:\/\/sites.ac-corse.fr\/daac\/wp-json\/wp\/v2\/tags?post=282"}],"curies":[{"name":"wp","href":"https:\/\/api.w.org\/{rel}","templated":true}]}}