{"id":286,"date":"2018-04-18T11:24:00","date_gmt":"2018-04-18T09:24:00","guid":{"rendered":"https:\/\/sites.ac-corse.fr\/daac\/2018\/04\/18\/prix-goncourt-des-lyceens-2018\/"},"modified":"2023-01-16T17:58:22","modified_gmt":"2023-01-16T16:58:22","slug":"prix-goncourt-des-lyceens-2018","status":"publish","type":"post","link":"https:\/\/sites.ac-corse.fr\/daac\/2018\/04\/18\/prix-goncourt-des-lyceens-2018\/","title":{"rendered":"Prix Goncourt des lyc\u00e9ens 2018"},"content":{"rendered":"<p>Description de l&rsquo;action<br \/>\n<b>Le prix Goncourt des lyc\u00e9ens est d\u00e9cern\u00e9 par les lyc\u00e9ens eux-m\u00eames.<\/b> Ce prix, permet aux \u00e9l\u00e8ves d&rsquo;une cinquantaine de classes de d\u00e9couvrir et lire l&rsquo;int\u00e9gralit\u00e9 des romans de la rentr\u00e9e litt\u00e9raire figurant dans la s\u00e9lection de l&rsquo;Acad\u00e9mie Goncourt. Pilot\u00e9 par le minist\u00e8re de l&rsquo;Education nationale et l&rsquo;association Bruit de lire qui coordonne l&rsquo;action, en partenariat avec la Fnac et R\u00e9seau Canop\u00e9, le prix se d\u00e9roulera de septembre \u00e0 novembre 2018.<\/p>\n<p>Tout au long de cette op\u00e9ration, les classes participantes sont accompagn\u00e9es dans leur lecture par leur professeur de fran\u00e7ais et le professeur documentaliste de l&rsquo;\u00e9tablissement. Ce bin\u00f4me est conseill\u00e9 par six professeur(e)s coordonnateurs r\u00e9gionaux.<br \/>\nhttps:\/\/sites.ac-corse.fr\/wp-content\/uploads\/sites\/33\/photo\/art\/default\/1014311-1277272.jpg<\/p>\n<p>El\u00e8ves concern\u00e9s<br \/>\nCe prix concerne tous les lyc\u00e9es, g\u00e9n\u00e9raux, technologiques et professionnels, agricoles, de la seconde aux classes de BTS, ainsi que les \u00e9tablissements de l&rsquo;Agence de l&rsquo;enseignement du fran\u00e7ais \u00e0 l&rsquo;\u00e9tranger (AEFE) et ceux de la Mission la\u00efque fran\u00e7aise (Mlf), notamment ceux les plus \u00e9loign\u00e9s d&rsquo;une culture litt\u00e9raire.<\/p>\n<p>Objectifs<br \/>\n\u2022\tEncourager le go\u00fbt de la lecture, la ma\u00eetrise de la langue et l&rsquo;appropriation d&rsquo;une culture commune ;<br \/>\u2022\tPratiquer diff\u00e9rentes activit\u00e9s d&rsquo;\u00e9criture ;<br \/>\u2022\tFaire d\u00e9couvrir aux \u00e9l\u00e8ves l&rsquo;institution litt\u00e9raire, le monde du livre et les m\u00e9tiers qui s&rsquo;y rattachent ;<br \/>\u2022\tFormer le jugement personnel et la capacit\u00e9 argumentaire des \u00e9l\u00e8ves dans un esprit citoyen.<\/p>\n<p>Cette op\u00e9ration est conduite conform\u00e9ment aux finalit\u00e9s des programmes d&rsquo;enseignement du fran\u00e7ais au lyc\u00e9e.<\/p>\n<p>Calendrier<br \/>\n\u2022\tJusqu&rsquo;au lundi 14 mai 2018 : d\u00e9p\u00f4t des candidatures d&rsquo;\u00e9tablissements aupr\u00e8s des d\u00e9l\u00e9gations acad\u00e9miques \u00e0 l&rsquo;\u00e9ducation artistique et \u00e0 l&rsquo;action culturelle (DAAC) ;<br \/>\u2022\tlundi 28 mai 2018 : liste des \u00e9tablissements retenus pour participer ;<br \/>\u2022\tcourant juin : r\u00e9union de lancement avec les enseignants ;<br \/>\u2022\tvendredi 7 septembre 2018 : publication de la liste d&rsquo;ouvrages s\u00e9lectionn\u00e9s par les membres de l&rsquo;acad\u00e9mie Goncourt, envoi des livres par la Fnac aux \u00e9tablissements et d\u00e9but des lectures par les classes ;<br \/>\u2022\tdu lundi 8 au 19 octobre 2018 : organisation par R\u00e9seau Canop\u00e9 et la Fnac de rencontres r\u00e9gionales &#8211; Bordeaux, Lille, Lyon, Marseille, Nancy, Paris, Rennes, (rencontres avec des \u00e9crivains), puis d\u00e9lib\u00e9rations en classe ;<br \/>\u2022\tlundi 12 novembre 2018 : d\u00e9lib\u00e9rations r\u00e9gionales ;<br \/>\u2022\tjeudi 15 novembre 2018 : d\u00e9lib\u00e9rations nationales et proclamation du laur\u00e9at ;<br \/>\u2022\tfin novembre 2018 : \u00ab\u00a0Rencontres nationales Goncourt des Lyc\u00e9ens\u00a0\u00bb \u00e0 Rennes.<\/p>\n<p>Modalit\u00e9s de participation<br \/>\nLes classes qui participent au prix sont propos\u00e9es, au niveau r\u00e9gional, par la d\u00e9l\u00e9gation acad\u00e9mique et culturelle (DAAC) de chaque acad\u00e9mie, en lien avec l&rsquo;association Bruit de lire et la Fnac. La s\u00e9lection des classes est fond\u00e9e sur la motivation des enseignants. Un \u00e9tablissement ne peut participer deux ann\u00e9es de suite et doit attendre trois ans avant de poser une nouvelle candidature.<\/p>\n<p><b>D\u00e8s la rentr\u00e9e,<\/b> les lectures peuvent d\u00e9buter. Les classes s\u00e9lectionn\u00e9es re\u00e7oivent plusieurs lots de la s\u00e9lection de romans. <\/p>\n<p><b>Des rencontres r\u00e9gionales organis\u00e9es au mois d&rsquo;octobre,<\/b> \u00e0 l&rsquo;initiative de la Fnac et de R\u00e9seau Canop\u00e9, permettent la rencontre des \u00e9l\u00e8ves avec les auteurs en lice. Elles sont d\u00e9terminantes pour la motivation des \u00e9l\u00e8ves et leur engagement dans la lecture.<\/p>\n<p><b>Le prix comprend ensuite deux tours de d\u00e9lib\u00e9rations lors d&rsquo;un jury r\u00e9gional puis en jury national.<\/b><\/p>\n<p><b>Le jury r\u00e9gional <\/b>r\u00e9unit les d\u00e9l\u00e9gu\u00e9s \u00e9lus dans chaque classe (1 par classe) et porteurs du choix de trois ouvrages. Les membres de ce jury \u00e9lisent \u00e0 leur tour trois romans repr\u00e9sentatifs des pr\u00e9f\u00e9rences et des choix arr\u00eat\u00e9s par les lyc\u00e9ens de leur r\u00e9gion. Par ailleurs, lors de ce jury, ils \u00e9lisent aussi deux d\u00e9l\u00e9gu\u00e9s de r\u00e9gion qui les repr\u00e9senteront aux d\u00e9lib\u00e9rations nationales. Le d\u00e9placement du d\u00e9l\u00e9gu\u00e9 \u00e9lu de chaque classe participant au jury r\u00e9gional est \u00e0 la charge de son \u00e9tablissement.<\/p>\n<p>Enfin, <b>le jury national<\/b> r\u00e9unit les d\u00e9l\u00e9gu\u00e9s de r\u00e9gion \u00e0 Rennes, la veille des d\u00e9lib\u00e9rations. Ces d\u00e9lib\u00e9rations se tiennent \u00e0 huis clos et sont encadr\u00e9es par un repr\u00e9sentant de la Fnac et anim\u00e9es par la coordonnatrice nationale. Le prix Goncourt des lyc\u00e9ens sera annonc\u00e9 \u00e0 13 h devant la presse le 15 novembre 2018. Le d\u00e9placement du d\u00e9l\u00e9gu\u00e9 r\u00e9gional participant au jury national est pris en charge par l&rsquo;association Bruit de lire.<\/p>\n<p>Les pr\u00e9c\u00e9dents laur\u00e9ats du Goncourt des lyc\u00e9ens<br \/>\n2017 : L&rsquo;Art de perdre, Alice Zeniter, (Edition Flammarion) ;<\/p>\n<p>2016 : Petit Pays (roman) de Ga\u00ebl Faye (\u00e9ditions Grasset) ;<\/p>\n<p>2015 : D&rsquo;apr\u00e8s une histoire vraie (roman) de Delphine de Vigan (\u00e9ditions JC Latt\u00e8s) ;<\/p>\n<p>2014 : Charlotte (roman) de David Foenkinos (\u00e9ditions Gallimard) ;<\/p>\n<p>2013 : Le Quatri\u00e8me mur (roman) de Sorj Chalandon (\u00e9ditions Grasset) ;<\/p>\n<p>2012 : La V\u00e9rit\u00e9 sur l&rsquo;Affaire Harry Quebert (roman) de Jo\u00ebl Dicker (\u00e9ditions de Fallois \/ L&rsquo;\u00c2ge d&rsquo;Homme) ;<\/p>\n<p>2011 : Du Domaine des murmures (roman) de Carole Martinez (\u00e9ditions Gallimard).<br \/>\nhttps:\/\/sites.ac-corse.fr\/wp-content\/uploads\/sites\/33\/photo\/art\/default\/1014311-1277278.jpg<\/p>\n<p><a class=\"link\" href=\"http:\/\/eduscol.education.fr\/cid55533\/goncourt-des-lyceens.html#lien3\">Lien vers le site Eduscol<\/a><\/p>\n<p><a class=\"link\" href=\"http:\/\/www.bruitdelire.org\/\">Lien vers l&rsquo;association \u00ab\u00a0bruit de lire\u00a0\u00bb<\/a><\/p>\n","protected":false},"excerpt":{"rendered":"<p>Description de l&rsquo;action Le prix Goncourt des lyc\u00e9ens est d\u00e9cern\u00e9 par les lyc\u00e9ens eux-m\u00eames. Ce prix, permet aux \u00e9l\u00e8ves d&rsquo;une cinquantaine de classes de d\u00e9couvrir et lire l&rsquo;int\u00e9gralit\u00e9 des romans de la rentr\u00e9e litt\u00e9raire figurant dans la s\u00e9lection de l&rsquo;Acad\u00e9mie Goncourt. Pilot\u00e9 par le minist\u00e8re de l&rsquo;Education nationale et l&rsquo;association Bruit de lire qui coordonne [&hellip;]<\/p>\n","protected":false},"author":84,"featured_media":0,"comment_status":"open","ping_status":"open","sticky":false,"template":"","format":"standard","meta":{"footnotes":""},"categories":[1],"tags":[],"class_list":["post-286","post","type-post","status-publish","format-standard","hentry","category-non-classe"],"_links":{"self":[{"href":"https:\/\/sites.ac-corse.fr\/daac\/wp-json\/wp\/v2\/posts\/286","targetHints":{"allow":["GET"]}}],"collection":[{"href":"https:\/\/sites.ac-corse.fr\/daac\/wp-json\/wp\/v2\/posts"}],"about":[{"href":"https:\/\/sites.ac-corse.fr\/daac\/wp-json\/wp\/v2\/types\/post"}],"author":[{"embeddable":true,"href":"https:\/\/sites.ac-corse.fr\/daac\/wp-json\/wp\/v2\/users\/84"}],"replies":[{"embeddable":true,"href":"https:\/\/sites.ac-corse.fr\/daac\/wp-json\/wp\/v2\/comments?post=286"}],"version-history":[{"count":1,"href":"https:\/\/sites.ac-corse.fr\/daac\/wp-json\/wp\/v2\/posts\/286\/revisions"}],"predecessor-version":[{"id":398,"href":"https:\/\/sites.ac-corse.fr\/daac\/wp-json\/wp\/v2\/posts\/286\/revisions\/398"}],"wp:attachment":[{"href":"https:\/\/sites.ac-corse.fr\/daac\/wp-json\/wp\/v2\/media?parent=286"}],"wp:term":[{"taxonomy":"category","embeddable":true,"href":"https:\/\/sites.ac-corse.fr\/daac\/wp-json\/wp\/v2\/categories?post=286"},{"taxonomy":"post_tag","embeddable":true,"href":"https:\/\/sites.ac-corse.fr\/daac\/wp-json\/wp\/v2\/tags?post=286"}],"curies":[{"name":"wp","href":"https:\/\/api.w.org\/{rel}","templated":true}]}}