{"id":287,"date":"2018-03-15T15:09:00","date_gmt":"2018-03-15T14:09:00","guid":{"rendered":"https:\/\/sites.ac-corse.fr\/daac\/2018\/03\/15\/festival-ecole-en-choeur\/"},"modified":"2023-01-16T17:58:22","modified_gmt":"2023-01-16T16:58:22","slug":"festival-ecole-en-choeur","status":"publish","type":"post","link":"https:\/\/sites.ac-corse.fr\/daac\/2018\/03\/15\/festival-ecole-en-choeur\/","title":{"rendered":"Festival \u00c9cole en ch\u0153ur"},"content":{"rendered":"<p>Objectifs et principe du \u00ab\u00a0Festival \u00c9cole en ch\u0153ur\u00a0\u00bb<br \/>\n\u2022\tFavoriser et d\u00e9velopper le rayonnement de l&rsquo;\u00e9ducation musicale et du chant choral au sein de l&rsquo;institution scolaire ;<br \/>\u2022\tContribuer \u00e0 faire conna\u00eetre et \u00e0 valoriser les projets chorals men\u00e9s par les jeunes avec leurs enseignants ;<br \/>\u2022\tInciter les \u00e9quipes \u00e9ducatives, en lien avec les partenaires engag\u00e9s \u00e0 leurs c\u00f4t\u00e9s dans ces projets (culture et collectivit\u00e9s territoriales notamment), \u00e0 organiser ensemble des concerts au-del\u00e0 de l&rsquo;\u00e9cole ou de l&rsquo;\u00e9tablissement scolaire, dans les territoires (communes, d\u00e9partements et r\u00e9gions) ;<br \/>\u2022\tPermettre aux membres de la communaut\u00e9 \u00e9ducative et au grand public d&rsquo;appr\u00e9cier la qualit\u00e9 et le dynamisme de l&rsquo;action de l&rsquo;\u00c9cole en ce domaine.<\/p>\n<p>Des enregistrements vid\u00e9os de ces concerts sont r\u00e9alis\u00e9s puis mis en ligne sur un espace num\u00e9rique d\u00e9di\u00e9 \u00e0 l&rsquo;op\u00e9ration.<\/p>\n<p>Les d\u00e9l\u00e9gu\u00e9s acad\u00e9miques \u00e0 l&rsquo;\u00e9ducation artistique et \u00e0 l&rsquo;action culturelle (DAAC) des rectorats sont charg\u00e9s du suivi de cette op\u00e9ration en lien avec les inspecteurs de l&rsquo;\u00e9ducation nationale (IEN) et les inspecteurs d&rsquo;acad\u00e9mie &#8211; inspecteurs p\u00e9dagogiques r\u00e9gionaux d&rsquo;\u00e9ducation musicale et de chant choral (IA-IPR).<br \/>\nhttps:\/\/sites.ac-corse.fr\/wp-content\/uploads\/sites\/33\/photo\/art\/default\/1014036-1276608.jpg<\/p>\n<p>Calendrier 2017-2018<br \/>\n\u2022\t<b>courant mars 2018 :<\/b> lancement de l&rsquo;op\u00e9ration dans les territoires et mise en ligne de l&rsquo;espace num\u00e9rique ;<br \/>\u2022\t<b>printemps 2018 :<\/b> concert d&rsquo;ouverture de ce Festival en acad\u00e9mie ;<br \/>\u2022\t<b>d&rsquo;avril \u00e0 juin 2018 :<\/b> organisation de temps forts musicaux dans les territoires, parall\u00e8lement \u00e0 la valorisation des vid\u00e9os des concerts des \u00e9l\u00e8ves (ou r\u00e9p\u00e9titions, etc.) sur l&rsquo;espace num\u00e9rique national ;<br \/>\u2022\t<b>1er juin 2018<\/b> en soir\u00e9e : grand concert national dans la salle Pierre Boulez de la Philharmonie de Paris. Plusieurs chorales participant \u00e0 l&rsquo;op\u00e9ration seront invit\u00e9es \u00e0 s&rsquo;y produire.<br \/>\nhttps:\/\/sites.ac-corse.fr\/wp-content\/uploads\/sites\/33\/photo\/art\/default\/1014036-1276609.jpg<\/p>\n<p>Modalit\u00e9s de participation<br \/>\nLes \u00e9coles et les \u00e9tablissements scolaires souhaitant participer \u00e0 l&rsquo;op\u00e9ration adressent, au choix, par courrier \u00e9lectronique au DAAC ainsi qu&rsquo;\u00e0 l&rsquo;IEN ou \u00e0 l&rsquo;IA-IPR \u00e9ducation musicale et chant choral de la circonscription ou de l&rsquo;acad\u00e9mie dont ils rel\u00e8vent, une vid\u00e9o d&rsquo;un concert de l&rsquo;ann\u00e9e scolaire pass\u00e9e ou en cours, une r\u00e9p\u00e9tition de qualit\u00e9, un montage montrant l&rsquo;\u00e9volution d&rsquo;un projet jusqu&rsquo;\u00e0 sa restitution, un clip, etc.<\/p>\n<p>Il n&rsquo;y a pas de crit\u00e8re impos\u00e9 concernant la dur\u00e9e de la vid\u00e9o. Il s&rsquo;agira de trouver un \u00e9quilibre entre une vid\u00e9o \u00e0 la dur\u00e9e tr\u00e8s courte (format pl\u00e9biscit\u00e9 par les internautes) et une vid\u00e9o plus longue permettant de pr\u00e9senter de fa\u00e7on plus approfondie le travail. Il faudra \u00e9galement tenir compte des \u00e9ventuelles limites de dur\u00e9e pouvant \u00eatre impos\u00e9es par la plateforme vid\u00e9o utilis\u00e9e.<\/p>\n<p>L&rsquo;ajout d&rsquo;un g\u00e9n\u00e9rique de d\u00e9but (comportant, par exemple, l&rsquo;intitul\u00e9 de votre projet et le nom de l&rsquo;\u00e9cole ou de l&rsquo;\u00e9tablissement) et d&rsquo;un g\u00e9n\u00e9rique de fin (comportant, par exemple, les noms des participants et les \u0153uvres chant\u00e9es) pourra par ailleurs permettre de contextualiser le travail.<\/p>\n<p>L&rsquo;envoi de cette vid\u00e9o est accompagn\u00e9 d&rsquo;une courte fiche (au format num\u00e9rique) de pr\u00e9sentation de la chorale et de son projet, pr\u00e9cisant notamment :<br \/>\u2022\tl&rsquo;acad\u00e9mie concern\u00e9e ;<br \/>\u2022\tle nom de la chorale si elle en a un ;<br \/>\u2022\tle nom et l&rsquo;adresse complets de l&rsquo;\u00e9cole ou de l&rsquo;\u00e9tablissement ;<br \/>\u2022\tl&rsquo;effectif du ch\u0153ur ;<br \/>\u2022\tle cadre du projet ;<br \/>\u2022\tle programme musical pr\u00e9cis ;<br \/>\u2022\tle nom du chef de ch\u0153ur \/ directeur artistique \/ professeur ;<br \/>\u2022\tle type d&rsquo;accompagnement musical le cas \u00e9ch\u00e9ant ;<br \/>\u2022\tla dur\u00e9e totale du programme musical du concert d&rsquo;une part, et de la vid\u00e9o d&rsquo;autre part ;<br \/>\u2022\tl&rsquo;url de la vid\u00e9o publi\u00e9e sur la plateforme choisie.<\/p>\n<p>Les modalit\u00e9s pr\u00e9cises de d\u00e9p\u00f4t des vid\u00e9os et des fiches de pr\u00e9sentation des projets, le type de vid\u00e9os \u00e0 poster ainsi que les dispositions l\u00e9gales relatives au droit \u00e0 l&rsquo;image et au droit d&rsquo;auteur sont d\u00e9finis dans un m\u00e9mo technique (accessible sur cette page d\u00e8s le lancement de l&rsquo;espace num\u00e9rique).<\/p>\n<p><a class=\"link\" href=\"http:\/\/ecoleenchoeur.tumblr.com\/\">Le site du festival \u00c9cole en choeur<\/a><\/p>\n<p><a class=\"link\" href=\"http:\/\/eduscol.education.fr\/cid86055\/festival-ecole-en-choeur.html\">Festival \u00c9cole en ch\u0153ur sur Eduscol<\/a><\/p>\n","protected":false},"excerpt":{"rendered":"<p>Objectifs et principe du \u00ab\u00a0Festival \u00c9cole en ch\u0153ur\u00a0\u00bb \u2022 Favoriser et d\u00e9velopper le rayonnement de l&rsquo;\u00e9ducation musicale et du chant choral au sein de l&rsquo;institution scolaire ;\u2022 Contribuer \u00e0 faire conna\u00eetre et \u00e0 valoriser les projets chorals men\u00e9s par les jeunes avec leurs enseignants ;\u2022 Inciter les \u00e9quipes \u00e9ducatives, en lien avec les partenaires engag\u00e9s [&hellip;]<\/p>\n","protected":false},"author":84,"featured_media":0,"comment_status":"open","ping_status":"open","sticky":false,"template":"","format":"standard","meta":{"footnotes":""},"categories":[1],"tags":[],"class_list":["post-287","post","type-post","status-publish","format-standard","hentry","category-non-classe"],"_links":{"self":[{"href":"https:\/\/sites.ac-corse.fr\/daac\/wp-json\/wp\/v2\/posts\/287","targetHints":{"allow":["GET"]}}],"collection":[{"href":"https:\/\/sites.ac-corse.fr\/daac\/wp-json\/wp\/v2\/posts"}],"about":[{"href":"https:\/\/sites.ac-corse.fr\/daac\/wp-json\/wp\/v2\/types\/post"}],"author":[{"embeddable":true,"href":"https:\/\/sites.ac-corse.fr\/daac\/wp-json\/wp\/v2\/users\/84"}],"replies":[{"embeddable":true,"href":"https:\/\/sites.ac-corse.fr\/daac\/wp-json\/wp\/v2\/comments?post=287"}],"version-history":[{"count":1,"href":"https:\/\/sites.ac-corse.fr\/daac\/wp-json\/wp\/v2\/posts\/287\/revisions"}],"predecessor-version":[{"id":399,"href":"https:\/\/sites.ac-corse.fr\/daac\/wp-json\/wp\/v2\/posts\/287\/revisions\/399"}],"wp:attachment":[{"href":"https:\/\/sites.ac-corse.fr\/daac\/wp-json\/wp\/v2\/media?parent=287"}],"wp:term":[{"taxonomy":"category","embeddable":true,"href":"https:\/\/sites.ac-corse.fr\/daac\/wp-json\/wp\/v2\/categories?post=287"},{"taxonomy":"post_tag","embeddable":true,"href":"https:\/\/sites.ac-corse.fr\/daac\/wp-json\/wp\/v2\/tags?post=287"}],"curies":[{"name":"wp","href":"https:\/\/api.w.org\/{rel}","templated":true}]}}