{"id":292,"date":"2017-09-19T10:49:00","date_gmt":"2017-09-19T08:49:00","guid":{"rendered":"https:\/\/sites.ac-corse.fr\/daac\/2017\/09\/19\/la-lettre-de-rentree-de-la-d-a-a-c\/"},"modified":"2023-01-16T17:58:22","modified_gmt":"2023-01-16T16:58:22","slug":"la-lettre-de-rentree-de-la-d-a-a-c","status":"publish","type":"post","link":"https:\/\/sites.ac-corse.fr\/daac\/2017\/09\/19\/la-lettre-de-rentree-de-la-d-a-a-c\/","title":{"rendered":"La lettre de rentr\u00e9e de la D.A.A.C."},"content":{"rendered":"<p>La d\u00e9l\u00e9gation acad\u00e9mique \u00e0 l\u2019action culturelle contribue \u00e0 la mise en \u0153uvre de la politique \u00e9ducative fix\u00e9e par Monsieur le Recteur. Relevant de l\u2019\u00e9ducation artistique et de l\u2019action culturelle, ses champs de missions premi\u00e8res sont : conseiller, former, proposer, impulser, coordonner et accompagner. Au plus pr\u00e8s des \u00e9quipes \u00e9ducatives, le pilotage du d\u00e9l\u00e9gu\u00e9 acad\u00e9mique \u00e0 l\u2019\u00e9ducation artistique et \u00e0 l\u2019action culturelle se situe \u00e0 l\u2019interface des autorit\u00e9s acad\u00e9miques, des personnels d\u2019encadrement et des nombreux partenaires de l\u2019\u00e9ducation nationale (directions r\u00e9gionales repr\u00e9sentant l\u2019\u00c9tat, collectivit\u00e9s, structures culturelles, ainsi que le milieu associatif).<\/p>\n<p>Cette lettre de rentr\u00e9e est aussi l\u2019occasion de remercier ces professeurs investis au service de l\u2019\u00e9ducation artistique et culturelle.<\/p>\n<p>Politique culturelle dans l\u2019acad\u00e9mie de Corse<br \/>\nDans le projet acad\u00e9mique 2017-2021 d\u00e9fini par monsieur le recteur, tous les acteurs de l\u2019\u00e9ducation sont engag\u00e9s \u00e0 conjuguer leurs efforts pour assurer la r\u00e9ussite de chaque \u00e9l\u00e8ve.<\/p>\n<p>Dans sa conf\u00e9rence de presse du 29 ao\u00fbt dernier, le ministre de l\u2019\u00c9ducation nationale a rappel\u00e9 que l\u2019\u00e9ducation artistique et culturelle \u00ab participe \u00e0 la construction d\u2019une \u00c9cole de la confiance et du bien-\u00eatre, qui contribue \u00e0 l\u2019acquisition par 100% des \u00e9l\u00e8ves des savoirs fondamentaux (\u2026) \u00bb.<br \/>Ainsi, partie int\u00e9grante de la formation g\u00e9n\u00e9rale de l\u2019\u00e9l\u00e8ve, contribuant \u00e0 l\u2019acquisition d\u2019une culture commune ouverte sur le monde et au d\u00e9veloppement de son ambition, l\u2019\u00e9ducation artistique et culturelle concourt \u00e0 la construction de son projet personnel et professionnel.<\/p>\n<p>Dans l\u2019acad\u00e9mie de Corse, et compte tenu du contexte territorial, notre mission commune est de :<\/p>\n<p>&#8211; favoriser l&rsquo;acc\u00e8s de chaque \u00e9l\u00e8ve \u00e0 la vie culturelle et \u00e0 une pratique artistique.<\/p>\n<p>&#8211; proposer une action artistique et culturelle sur les territoires les plus \u00e9loign\u00e9s de l\u2019offre, notamment en zone de revitalisation rurale, en REP et REP +.<\/p>\n<p>&#8211; d\u00e9velopper et mutualiser les formations des enseignants avec des partenaires.<\/p>\n<p>&#8211; enrichir le parcours culturel de l&rsquo;\u00e9l\u00e8ve par la diversit\u00e9 et l\u2019\u00e9quilibre des domaines artistiques et culturels mis \u00e0 la port\u00e9e de tous et en l\u2019ouvrant sur la cr\u00e9ation contemporaine, sur la dimension patrimoniale et sur la culture scientifique, technique et industrielle (CSTI).<\/p>\n<p>&#8211; aider \u00e0 la mise en \u0153uvre et au suivi du volet culturel du projet d\u2019\u00e9cole ou d\u2019\u00e9tablissement.<\/p>\n<p>Avec la Collectivit\u00e9 Territoriale de Corse<br \/>\nLors de la r\u00e9union des Atelli di a cultura, le 28 novembre 2016, \u00e0 la m\u00e9diath\u00e8que de Folelli, consacr\u00e9e \u00e0 l\u2019\u00e9ducation artistique et \u00e0 l\u2019action culturelle, \u00e0 l\u2019initiative de la Collectivit\u00e9 Territoriale de Corse, un diagnostic de la situation a pu \u00eatre \u00e9tabli. Ainsi plusieurs constats ont \u00e9t\u00e9 r\u00e9alis\u00e9s.<\/p>\n<p>1\/ L\u2019in\u00e9galit\u00e9 de l\u2019acc\u00e8s \u00e0 l\u2019offre de formation artistique notamment en dehors des grandes agglom\u00e9rations.<br \/>2\/ L\u2019in\u00e9galit\u00e9 d\u2019acc\u00e8s aux programmations culturelles hors temps scolaires.<br \/>3\/ Le manque d\u2019infrastructures.<br \/>4\/ Le manque de p\u00f4les de ressources (PREAC).<br \/>5\/ Le manque de lisibilit\u00e9 quant \u00e0 la gouvernance et le financement des projets culturels pendant le temps scolaire.<br \/>6\/ La formation des formateurs et les d\u00e9bouch\u00e9s.<br \/>7\/ L\u2019absence de suivi du parcours de l\u2019enfant de la maternelle au sup\u00e9rieur. <\/p>\n<p>Ces constats nous obligent \u00e0 une r\u00e9flexion commune afin d\u2019optimiser l\u2019existant.<\/p>\n<p>Le parcours d\u2019\u00e9ducation artistique et culturelle<br \/>\nLe parcours d\u2019\u00e9ducation artistique et culturelle a pour ambition \u00ab de viser un \u00e9gal acc\u00e8s de tous les jeunes \u00e0 l\u2019art et \u00e0 la culture \u00bb, de la maternelle au lyc\u00e9e, <\/p>\n<p>Il repose sur les 3 piliers de l\u2019\u00e9ducation artistique et culturelle :<br \/>&#8211; connaissances<br \/>&#8211; pratiques<br \/>&#8211; rencontres avec des \u0153uvres, des lieux et des professionnels de l\u2019art et de la culture.<\/p>\n<p>Formul\u00e9s en trois verbes \u00ab faire\/\u00e9prouver\/r\u00e9fl\u00e9chir \u00bb, ces piliers se conjuguent de l\u2019\u00e9cole au lyc\u00e9e en prenant appui sur les enseignements et en s\u2019inscrivant dans le projet de l\u2019\u00e9cole ou de l\u2019\u00e9tablissement. R\u00e9alis\u00e9s dans le cadre de projets co-construits dans une logique de territoire \u00e9ducatif, avec des partenaires choisis (structures de diffusion culturelle, artistes en r\u00e9sidence, etc.), ils contribuent fortement \u00e0 la construction des apprentissages chez les \u00e9l\u00e8ves.<\/p>\n<p>Depuis juillet 2016, une charte pour l\u2019\u00e9ducation artistique et culture (voir annexe 3) \u00e9labor\u00e9e par le Haut Conseil de l\u2019\u00e9ducation artistique et culturelle, rassemble les acteurs et institutions impliqu\u00e9s dans l\u2019\u00e9ducation artistique et culturelle autour de 10 principes. Elle permet \u00e0 chacune et \u00e0 chacun de s\u2019en emparer, de la mettre en \u0153uvre, et de l\u2019inscrire dans le parcours d\u2019\u00e9ducation artistique et culturelle de l\u2019\u00e9l\u00e8ve.<\/p>\n<p>Formation continue<br \/>\nOuvert aux professeurs de toutes disciplines et con\u00e7u dans un esprit de croisement des diff\u00e9rents champs disciplinaires et artistiques, le Plan Acad\u00e9mique de Formation \u00ab\u00a0Action culturelle\u00a0\u00bb (liste des stages propos\u00e9s en annexe 2) \u00e9labor\u00e9 par la D\u00e9l\u00e9gation acad\u00e9mique \u00e0 l\u2019action culturelle constitue un temps fort de rencontres et d\u2019\u00e9changes pour les professeurs et les partenaires en mati\u00e8re d\u2019\u00e9ducation artistique et culturelle. <br \/>Ces stages permettent de nourrir les d\u00e9marches et les projets que mettent en \u0153uvre les professeurs au b\u00e9n\u00e9fice de l\u2019ouverture artistique et culturelle de leurs \u00e9l\u00e8ves.<\/p>\n<p>Les inscriptions seront closes le 1er octobre 2017.<\/p>\n<p>Annexes<br \/>\n<span class=\"u\">Annexe 1 &#8211; Textes officiels r\u00e9cents<\/span><\/p>\n<p><a class=\"link\" href=\"http:\/\/cache.media.eduscol.education.fr\/file\/Domaines_artistiques\/49\/9\/2013_EAC_guide_bdef_287499.pdf\">Guide pour la mise en \u0153uvre du Parcours d\u2019\u00e9ducation artistique et culturelle<\/a><\/p>\n<p>&#8211; <a class=\"link\" href=\"http:\/\/www.education.gouv.fr\/pid25535\/bulletin_officiel.html?cid_bo=91164\">Le R\u00e9f\u00e9rentiel du parcours d\u2019\u00e9ducation artistique et culturelle<\/a> Annex\u00e9 \u00e0 l\u2019arr\u00eat\u00e9<br \/>paru au BOEN n\u00b0 28 du 9 juillet 2015.<\/p>\n<p><a class=\"link\" href=\"http:\/\/www.education.gouv.fr\/cid86202\/education-artistique-et-culturelle-education-aux--medias-et-a-l-information.html\">Feuille de route commune Education artistique et culturelle (EAC) et Education<br \/>aux m\u00e9dias et \u00e0 l\u2019information (EMI)<\/a> sign\u00e9e le 11 f\u00e9vrier 2015 entre le minist\u00e8re<br \/>de l\u2019\u00e9ducation nationale, de l\u2019enseignement sup\u00e9rieur et de la recherche, et le<br \/>minist\u00e8re de la culture et de la communication<\/p>\n<p><a class=\"link\" href=\"http:\/\/circulaire.legifrance.gouv.fr\/pdf\/2017\/05\/cir_42213.pdf\">Circulaire du 10 mai 2017<\/a> relative au d\u00e9veloppement d\u2019une politique ambitieuse en mati\u00e8re d\u2019\u00e9ducation artistique et culturelle, dans tous les temps de la vie des enfants<br \/>et des adolescents<br \/>http:\/\/circulaire.legifrance.gouv.fr\/pdf\/2017\/05\/cir_42213.pdf<\/p>\n<p><span class=\"u\">Annexe 2 \u2013 Plan acad\u00e9mique de formation 2017-2018 \u2013 Action culturelle<br \/><\/span><br \/>17A0270169\tARCH\u00c9OLOGIE ET HISTOIRE M\u00c9DI\u00c9VALE <br \/>17A0270162\tDECOUVERTE DU MUSEE DE PREH ET D&rsquo;ARCHEO DE SARTENE <br \/>17A0270150\tPREAC THEATRE ET SPECTACLE VIVANT <br \/>17A0270020\tFACE SCHOOL : ACQUISITION D&rsquo;UNE CULTURE NUM\u00c9RIQUE <br \/>17A0270019\tMISE EN OEUVRE D&rsquo;UN PARCOURS CULTUREL EN EPLE <br \/>17A0270018\tSEMINAIRE DES R\u00c9F\u00c9RENTS CULTURE<br \/>17A0270017\tPRATIQUE TH\u00c9\u00c2TRALE EN MILIEU SCOLAIRE <br \/>17A0270016\tINITIATION A L&rsquo;ANALYSE DE FILMS <br \/>17A0270015\tD\u00c9COUVERTE ET CONNAISSANCE DU PATRIMOINE <br \/>17A0270014\tDECOUVERTE DU PATRIMOINE ARCHEOLOGIQUE<\/p>\n<p><span class=\"u\">Annexe 3 \u2013 Charte pour l\u2019\u00e9ducation artistique et culturelle<\/span><\/p>\n","protected":false},"excerpt":{"rendered":"<p>La d\u00e9l\u00e9gation acad\u00e9mique \u00e0 l\u2019action culturelle contribue \u00e0 la mise en \u0153uvre de la politique \u00e9ducative fix\u00e9e par Monsieur le Recteur. Relevant de l\u2019\u00e9ducation artistique et de l\u2019action culturelle, ses champs de missions premi\u00e8res sont : conseiller, former, proposer, impulser, coordonner et accompagner. Au plus pr\u00e8s des \u00e9quipes \u00e9ducatives, le pilotage du d\u00e9l\u00e9gu\u00e9 acad\u00e9mique \u00e0 [&hellip;]<\/p>\n","protected":false},"author":84,"featured_media":0,"comment_status":"open","ping_status":"open","sticky":false,"template":"","format":"standard","meta":{"footnotes":""},"categories":[1],"tags":[],"class_list":["post-292","post","type-post","status-publish","format-standard","hentry","category-non-classe"],"_links":{"self":[{"href":"https:\/\/sites.ac-corse.fr\/daac\/wp-json\/wp\/v2\/posts\/292","targetHints":{"allow":["GET"]}}],"collection":[{"href":"https:\/\/sites.ac-corse.fr\/daac\/wp-json\/wp\/v2\/posts"}],"about":[{"href":"https:\/\/sites.ac-corse.fr\/daac\/wp-json\/wp\/v2\/types\/post"}],"author":[{"embeddable":true,"href":"https:\/\/sites.ac-corse.fr\/daac\/wp-json\/wp\/v2\/users\/84"}],"replies":[{"embeddable":true,"href":"https:\/\/sites.ac-corse.fr\/daac\/wp-json\/wp\/v2\/comments?post=292"}],"version-history":[{"count":1,"href":"https:\/\/sites.ac-corse.fr\/daac\/wp-json\/wp\/v2\/posts\/292\/revisions"}],"predecessor-version":[{"id":404,"href":"https:\/\/sites.ac-corse.fr\/daac\/wp-json\/wp\/v2\/posts\/292\/revisions\/404"}],"wp:attachment":[{"href":"https:\/\/sites.ac-corse.fr\/daac\/wp-json\/wp\/v2\/media?parent=292"}],"wp:term":[{"taxonomy":"category","embeddable":true,"href":"https:\/\/sites.ac-corse.fr\/daac\/wp-json\/wp\/v2\/categories?post=292"},{"taxonomy":"post_tag","embeddable":true,"href":"https:\/\/sites.ac-corse.fr\/daac\/wp-json\/wp\/v2\/tags?post=292"}],"curies":[{"name":"wp","href":"https:\/\/api.w.org\/{rel}","templated":true}]}}